{"id":3393,"date":"2016-11-08T15:18:11","date_gmt":"2016-11-08T14:18:11","guid":{"rendered":"http:\/\/amg-informatique.fr\/w2\/?p=3393"},"modified":"2016-11-08T15:18:43","modified_gmt":"2016-11-08T14:18:43","slug":"matinee-amg-la-reforme-de-la-formation-professionnelle-du-8-novembre","status":"publish","type":"post","link":"https:\/\/www.amg-informatique.fr\/w2\/matinee-amg-la-reforme-de-la-formation-professionnelle-du-8-novembre\/","title":{"rendered":"Matin\u00e9e AMG \u00ab La R\u00e9forme de la Formation Professionnelle \u00bb du 8 novembre"},"content":{"rendered":"<p>Salle comble ce matin pour notre matin\u00e9e \u00ab La R\u00e9forme de la Formation Professionnelle \u00bb avec les interventions successives de Robert WILLIAMS, Pr\u00e9sident d&rsquo;AMG INFORMATIQUE, de Vincent MEYER, Conseiller Formation, de Karine BOURGEOIS-GAUTHERON et de Sabrina VEILLEROT de l&rsquo;AGEFOS PME Bourgogne Franche-Comt\u00e9 mais \u00e9galement de Juliette BRUN de TOSA ISOGRAD. Un grand merci \u00e0 tous les participants !<\/p>\n<p>[one_half valign=\u00a0\u00bbtop\u00a0\u00bb animation=\u00a0\u00bbnone\u00a0\u00bb]<\/p>\n<p><img decoding=\"async\" class=\"lazyload alignnone size-full wp-image-3384\" src=\"http:\/\/amg-informatique.fr\/w2\/wp-content\/uploads\/IMG_4935.jpg\" data-orig-src=\"http:\/\/amg-informatique.fr\/w2\/wp-content\/uploads\/IMG_4935.jpg\" alt=\"img_4935\" width=\"2016\" height=\"1512\" srcset=\"data:image\/svg+xml,%3Csvg%20xmlns%3D%27http%3A%2F%2Fwww.w3.org%2F2000%2Fsvg%27%20width%3D%272016%27%20height%3D%271512%27%20viewBox%3D%270%200%202016%201512%27%3E%3Crect%20width%3D%272016%27%20height%3D%271512%27%20fill-opacity%3D%220%22%2F%3E%3C%2Fsvg%3E\" data-srcset=\"https:\/\/www.amg-informatique.fr\/w2\/wp-content\/uploads\/IMG_4935-239x179.jpg 239w, https:\/\/www.amg-informatique.fr\/w2\/wp-content\/uploads\/IMG_4935-300x225.jpg 300w, https:\/\/www.amg-informatique.fr\/w2\/wp-content\/uploads\/IMG_4935-320x240.jpg 320w, https:\/\/www.amg-informatique.fr\/w2\/wp-content\/uploads\/IMG_4935-636x477.jpg 636w, https:\/\/www.amg-informatique.fr\/w2\/wp-content\/uploads\/IMG_4935-768x576.jpg 768w, https:\/\/www.amg-informatique.fr\/w2\/wp-content\/uploads\/IMG_4935-968x726.jpg 968w, https:\/\/www.amg-informatique.fr\/w2\/wp-content\/uploads\/IMG_4935.jpg 2016w\" data-sizes=\"auto\" data-orig-sizes=\"(max-width: 2016px) 100vw, 2016px\" \/><\/p>\n<p>[\/one_half]<\/p>\n<p>[one_half_last valign=\u00a0\u00bbtop\u00a0\u00bb animation=\u00a0\u00bbnone\u00a0\u00bb]<\/p>\n<p><img decoding=\"async\" class=\"lazyload alignnone size-full wp-image-3385\" src=\"http:\/\/amg-informatique.fr\/w2\/wp-content\/uploads\/A4.png\" data-orig-src=\"http:\/\/amg-informatique.fr\/w2\/wp-content\/uploads\/A4.png\" alt=\"a4\" width=\"2339\" height=\"1654\" srcset=\"data:image\/svg+xml,%3Csvg%20xmlns%3D%27http%3A%2F%2Fwww.w3.org%2F2000%2Fsvg%27%20width%3D%272339%27%20height%3D%271654%27%20viewBox%3D%270%200%202339%201654%27%3E%3Crect%20width%3D%272339%27%20height%3D%271654%27%20fill-opacity%3D%220%22%2F%3E%3C%2Fsvg%3E\" data-srcset=\"https:\/\/www.amg-informatique.fr\/w2\/wp-content\/uploads\/A4-239x169.png 239w, https:\/\/www.amg-informatique.fr\/w2\/wp-content\/uploads\/A4-300x212.png 300w, https:\/\/www.amg-informatique.fr\/w2\/wp-content\/uploads\/A4-320x226.png 320w, https:\/\/www.amg-informatique.fr\/w2\/wp-content\/uploads\/A4-636x450.png 636w, https:\/\/www.amg-informatique.fr\/w2\/wp-content\/uploads\/A4-768x543.png 768w, https:\/\/www.amg-informatique.fr\/w2\/wp-content\/uploads\/A4-968x685.png 968w, https:\/\/www.amg-informatique.fr\/w2\/wp-content\/uploads\/A4.png 2339w\" data-sizes=\"auto\" data-orig-sizes=\"(max-width: 2339px) 100vw, 2339px\" \/><\/p>\n<p>[\/one_half_last]<\/p>\n","protected":false},"excerpt":{"rendered":"<p>Salle comble ce matin pour notre matin\u00e9e \u00ab La R\u00e9forme de la Formation Professionnelle \u00bb avec les interventions successives de Robert WILLIAMS, Pr\u00e9sident d&rsquo;AMG INFORMATIQUE, de Vincent MEYER, Conseiller Formation, de Karine BOURGEOIS-GAUTHERON et de Sabrina VEILLEROT de l&rsquo;AGEFOS PME Bourgogne Franche-Comt\u00e9 mais \u00e9galement de Juliette BRUN de TOSA ISOGRAD. Un grand merci \u00e0 tous  [&#8230;]<\/p>\n","protected":false},"author":7,"featured_media":3383,"comment_status":"closed","ping_status":"closed","sticky":false,"template":"","format":"standard","meta":{"footnotes":""},"categories":[68],"tags":[],"class_list":["post-3393","post","type-post","status-publish","format-standard","has-post-thumbnail","hentry","category-formation-continue"],"yoast_head":"<!-- This site is optimized with the Yoast SEO plugin v27.4 - https:\/\/yoast.com\/product\/yoast-seo-wordpress\/ -->\n<title>Matin\u00e9e AMG \u00ab La R\u00e9forme de la Formation Professionnelle \u00bb du 8 novembre - AMG INFORMATIQUE - Expert en Cybers\u00e9curit\u00e9 et Solutions informatiques en Bourgogne Franche-Comt\u00e9<\/title>\n<meta name=\"description\" content=\"Toutes les actualit\u00e9s d&#039;AMG INFORMATIQUE \u00e0 Dijon et au Creusot\" \/>\n<meta name=\"robots\" content=\"index, follow, max-snippet:-1, max-image-preview:large, max-video-preview:-1\" \/>\n<link rel=\"canonical\" href=\"https:\/\/www.amg-informatique.fr\/w2\/matinee-amg-la-reforme-de-la-formation-professionnelle-du-8-novembre\/\" \/>\n<meta property=\"og:locale\" content=\"fr_FR\" \/>\n<meta property=\"og:type\" content=\"article\" \/>\n<meta property=\"og:title\" content=\"Matin\u00e9e AMG \u00ab La R\u00e9forme de la Formation Professionnelle \u00bb du 8 novembre - AMG INFORMATIQUE - Expert en Cybers\u00e9curit\u00e9 et Solutions informatiques en Bourgogne Franche-Comt\u00e9\" \/>\n<meta property=\"og:description\" content=\"Toutes les actualit\u00e9s d&#039;AMG INFORMATIQUE \u00e0 Dijon et au Creusot\" \/>\n<meta property=\"og:url\" content=\"https:\/\/www.amg-informatique.fr\/w2\/matinee-amg-la-reforme-de-la-formation-professionnelle-du-8-novembre\/\" \/>\n<meta property=\"og:site_name\" content=\"AMG INFORMATIQUE - Expert en Cybers\u00e9curit\u00e9 et Solutions informatiques en Bourgogne Franche-Comt\u00e9\" \/>\n<meta property=\"article:publisher\" content=\"https:\/\/www.facebook.com\/AMG.INFORMATIQUE\/\" \/>\n<meta property=\"article:published_time\" content=\"2016-11-08T14:18:11+00:00\" \/>\n<meta property=\"article:modified_time\" content=\"2016-11-08T14:18:43+00:00\" \/>\n<meta property=\"og:image\" content=\"https:\/\/www.amg-informatique.fr\/w2\/wp-content\/uploads\/IMG_4933.jpg\" \/>\n\t<meta property=\"og:image:width\" content=\"2016\" \/>\n\t<meta property=\"og:image:height\" content=\"1512\" \/>\n\t<meta property=\"og:image:type\" content=\"image\/jpeg\" \/>\n<meta name=\"author\" content=\"AMG INFORMATIQUE\" \/>\n<meta name=\"twitter:card\" content=\"summary_large_image\" \/>\n<meta name=\"twitter:creator\" content=\"@AMGINFORMATIQUE\" \/>\n<meta name=\"twitter:site\" content=\"@AMGINFORMATIQUE\" \/>\n<meta name=\"twitter:label1\" content=\"\u00c9crit par\" \/>\n\t<meta name=\"twitter:data1\" content=\"AMG INFORMATIQUE\" \/>\n<script type=\"application\/ld+json\" class=\"yoast-schema-graph\">{\"@context\":\"https:\\\/\\\/schema.org\",\"@graph\":[{\"@type\":\"Article\",\"@id\":\"https:\\\/\\\/www.amg-informatique.fr\\\/w2\\\/matinee-amg-la-reforme-de-la-formation-professionnelle-du-8-novembre\\\/#article\",\"isPartOf\":{\"@id\":\"https:\\\/\\\/www.amg-informatique.fr\\\/w2\\\/matinee-amg-la-reforme-de-la-formation-professionnelle-du-8-novembre\\\/\"},\"author\":{\"name\":\"AMG INFORMATIQUE\",\"@id\":\"https:\\\/\\\/www.amg-informatique.fr\\\/w2\\\/#\\\/schema\\\/person\\\/abd28354df3fdad4a59d904d88579540\"},\"headline\":\"Matin\u00e9e AMG \u00ab La R\u00e9forme de la Formation Professionnelle \u00bb du 8 novembre\",\"datePublished\":\"2016-11-08T14:18:11+00:00\",\"dateModified\":\"2016-11-08T14:18:43+00:00\",\"mainEntityOfPage\":{\"@id\":\"https:\\\/\\\/www.amg-informatique.fr\\\/w2\\\/matinee-amg-la-reforme-de-la-formation-professionnelle-du-8-novembre\\\/\"},\"wordCount\":89,\"publisher\":{\"@id\":\"https:\\\/\\\/www.amg-informatique.fr\\\/w2\\\/#organization\"},\"image\":{\"@id\":\"https:\\\/\\\/www.amg-informatique.fr\\\/w2\\\/matinee-amg-la-reforme-de-la-formation-professionnelle-du-8-novembre\\\/#primaryimage\"},\"thumbnailUrl\":\"https:\\\/\\\/www.amg-informatique.fr\\\/w2\\\/wp-content\\\/uploads\\\/IMG_4933.jpg\",\"articleSection\":[\"Formation professionnelle\"],\"inLanguage\":\"fr-FR\"},{\"@type\":\"WebPage\",\"@id\":\"https:\\\/\\\/www.amg-informatique.fr\\\/w2\\\/matinee-amg-la-reforme-de-la-formation-professionnelle-du-8-novembre\\\/\",\"url\":\"https:\\\/\\\/www.amg-informatique.fr\\\/w2\\\/matinee-amg-la-reforme-de-la-formation-professionnelle-du-8-novembre\\\/\",\"name\":\"Matin\u00e9e AMG \u00ab La R\u00e9forme de la Formation Professionnelle \u00bb du 8 novembre - AMG INFORMATIQUE - Expert en Cybers\u00e9curit\u00e9 et Solutions informatiques en Bourgogne Franche-Comt\u00e9\",\"isPartOf\":{\"@id\":\"https:\\\/\\\/www.amg-informatique.fr\\\/w2\\\/#website\"},\"primaryImageOfPage\":{\"@id\":\"https:\\\/\\\/www.amg-informatique.fr\\\/w2\\\/matinee-amg-la-reforme-de-la-formation-professionnelle-du-8-novembre\\\/#primaryimage\"},\"image\":{\"@id\":\"https:\\\/\\\/www.amg-informatique.fr\\\/w2\\\/matinee-amg-la-reforme-de-la-formation-professionnelle-du-8-novembre\\\/#primaryimage\"},\"thumbnailUrl\":\"https:\\\/\\\/www.amg-informatique.fr\\\/w2\\\/wp-content\\\/uploads\\\/IMG_4933.jpg\",\"datePublished\":\"2016-11-08T14:18:11+00:00\",\"dateModified\":\"2016-11-08T14:18:43+00:00\",\"description\":\"Toutes les actualit\u00e9s d'AMG INFORMATIQUE \u00e0 Dijon et au Creusot\",\"breadcrumb\":{\"@id\":\"https:\\\/\\\/www.amg-informatique.fr\\\/w2\\\/matinee-amg-la-reforme-de-la-formation-professionnelle-du-8-novembre\\\/#breadcrumb\"},\"inLanguage\":\"fr-FR\",\"potentialAction\":[{\"@type\":\"ReadAction\",\"target\":[\"https:\\\/\\\/www.amg-informatique.fr\\\/w2\\\/matinee-amg-la-reforme-de-la-formation-professionnelle-du-8-novembre\\\/\"]}]},{\"@type\":\"ImageObject\",\"inLanguage\":\"fr-FR\",\"@id\":\"https:\\\/\\\/www.amg-informatique.fr\\\/w2\\\/matinee-amg-la-reforme-de-la-formation-professionnelle-du-8-novembre\\\/#primaryimage\",\"url\":\"https:\\\/\\\/www.amg-informatique.fr\\\/w2\\\/wp-content\\\/uploads\\\/IMG_4933.jpg\",\"contentUrl\":\"https:\\\/\\\/www.amg-informatique.fr\\\/w2\\\/wp-content\\\/uploads\\\/IMG_4933.jpg\",\"width\":2016,\"height\":1512},{\"@type\":\"BreadcrumbList\",\"@id\":\"https:\\\/\\\/www.amg-informatique.fr\\\/w2\\\/matinee-amg-la-reforme-de-la-formation-professionnelle-du-8-novembre\\\/#breadcrumb\",\"itemListElement\":[{\"@type\":\"ListItem\",\"position\":1,\"name\":\"Accueil\",\"item\":\"https:\\\/\\\/www.amg-informatique.fr\\\/w2\\\/\"},{\"@type\":\"ListItem\",\"position\":2,\"name\":\"Matin\u00e9e AMG \u00ab La R\u00e9forme de la Formation Professionnelle \u00bb du 8 novembre\"}]},{\"@type\":\"WebSite\",\"@id\":\"https:\\\/\\\/www.amg-informatique.fr\\\/w2\\\/#website\",\"url\":\"https:\\\/\\\/www.amg-informatique.fr\\\/w2\\\/\",\"name\":\"AMG INFORMATIQUE - Cybers\u00e9curit\u00e9\",\"description\":\"Cybers\u00e9curit\u00e9 et Solutions informatiques pour les professionnels \u00e0 Dijon (21) et au Creusot (71)\",\"publisher\":{\"@id\":\"https:\\\/\\\/www.amg-informatique.fr\\\/w2\\\/#organization\"},\"potentialAction\":[{\"@type\":\"SearchAction\",\"target\":{\"@type\":\"EntryPoint\",\"urlTemplate\":\"https:\\\/\\\/www.amg-informatique.fr\\\/w2\\\/?s={search_term_string}\"},\"query-input\":{\"@type\":\"PropertyValueSpecification\",\"valueRequired\":true,\"valueName\":\"search_term_string\"}}],\"inLanguage\":\"fr-FR\"},{\"@type\":\"Organization\",\"@id\":\"https:\\\/\\\/www.amg-informatique.fr\\\/w2\\\/#organization\",\"name\":\"AMG INFORMATIQUE - Expert Cybers\u00e9curit\u00e9 Bourgogne Franche-Comt\u00e9\",\"url\":\"https:\\\/\\\/www.amg-informatique.fr\\\/w2\\\/\",\"logo\":{\"@type\":\"ImageObject\",\"inLanguage\":\"fr-FR\",\"@id\":\"https:\\\/\\\/www.amg-informatique.fr\\\/w2\\\/#\\\/schema\\\/logo\\\/image\\\/\",\"url\":\"https:\\\/\\\/www.amg-informatique.fr\\\/w2\\\/wp-content\\\/uploads\\\/logoAMG-1.jpg\",\"contentUrl\":\"https:\\\/\\\/www.amg-informatique.fr\\\/w2\\\/wp-content\\\/uploads\\\/logoAMG-1.jpg\",\"width\":2139,\"height\":747,\"caption\":\"AMG INFORMATIQUE - Expert Cybers\u00e9curit\u00e9 Bourgogne Franche-Comt\u00e9\"},\"image\":{\"@id\":\"https:\\\/\\\/www.amg-informatique.fr\\\/w2\\\/#\\\/schema\\\/logo\\\/image\\\/\"},\"sameAs\":[\"https:\\\/\\\/www.facebook.com\\\/AMG.INFORMATIQUE\\\/\",\"https:\\\/\\\/x.com\\\/AMGINFORMATIQUE\",\"https:\\\/\\\/www.linkedin.com\\\/company\\\/amg-informatique\\\/\"]},{\"@type\":\"Person\",\"@id\":\"https:\\\/\\\/www.amg-informatique.fr\\\/w2\\\/#\\\/schema\\\/person\\\/abd28354df3fdad4a59d904d88579540\",\"name\":\"AMG INFORMATIQUE\",\"image\":{\"@type\":\"ImageObject\",\"inLanguage\":\"fr-FR\",\"@id\":\"https:\\\/\\\/secure.gravatar.com\\\/avatar\\\/a038a337a9e93bb21b11baf3f3f7e46de3a269dc6a2c84e5b8154ce875ce8fe8?s=96&d=mm&r=g\",\"url\":\"https:\\\/\\\/secure.gravatar.com\\\/avatar\\\/a038a337a9e93bb21b11baf3f3f7e46de3a269dc6a2c84e5b8154ce875ce8fe8?s=96&d=mm&r=g\",\"contentUrl\":\"https:\\\/\\\/secure.gravatar.com\\\/avatar\\\/a038a337a9e93bb21b11baf3f3f7e46de3a269dc6a2c84e5b8154ce875ce8fe8?s=96&d=mm&r=g\",\"caption\":\"AMG INFORMATIQUE\"},\"url\":\"https:\\\/\\\/www.amg-informatique.fr\\\/w2\\\/author\\\/amg-informatique\\\/\"}]}<\/script>\n<!-- \/ Yoast SEO plugin. -->","yoast_head_json":{"title":"Matin\u00e9e AMG \u00ab La R\u00e9forme de la Formation Professionnelle \u00bb du 8 novembre - AMG INFORMATIQUE - Expert en Cybers\u00e9curit\u00e9 et Solutions informatiques en Bourgogne Franche-Comt\u00e9","description":"Toutes les actualit\u00e9s d'AMG INFORMATIQUE \u00e0 Dijon et au Creusot","robots":{"index":"index","follow":"follow","max-snippet":"max-snippet:-1","max-image-preview":"max-image-preview:large","max-video-preview":"max-video-preview:-1"},"canonical":"https:\/\/www.amg-informatique.fr\/w2\/matinee-amg-la-reforme-de-la-formation-professionnelle-du-8-novembre\/","og_locale":"fr_FR","og_type":"article","og_title":"Matin\u00e9e AMG \u00ab La R\u00e9forme de la Formation Professionnelle \u00bb du 8 novembre - AMG INFORMATIQUE - Expert en Cybers\u00e9curit\u00e9 et Solutions informatiques en Bourgogne Franche-Comt\u00e9","og_description":"Toutes les actualit\u00e9s d'AMG INFORMATIQUE \u00e0 Dijon et au Creusot","og_url":"https:\/\/www.amg-informatique.fr\/w2\/matinee-amg-la-reforme-de-la-formation-professionnelle-du-8-novembre\/","og_site_name":"AMG INFORMATIQUE - Expert en Cybers\u00e9curit\u00e9 et Solutions informatiques en Bourgogne Franche-Comt\u00e9","article_publisher":"https:\/\/www.facebook.com\/AMG.INFORMATIQUE\/","article_published_time":"2016-11-08T14:18:11+00:00","article_modified_time":"2016-11-08T14:18:43+00:00","og_image":[{"width":2016,"height":1512,"url":"https:\/\/www.amg-informatique.fr\/w2\/wp-content\/uploads\/IMG_4933.jpg","type":"image\/jpeg"}],"author":"AMG INFORMATIQUE","twitter_card":"summary_large_image","twitter_creator":"@AMGINFORMATIQUE","twitter_site":"@AMGINFORMATIQUE","twitter_misc":{"\u00c9crit par":"AMG INFORMATIQUE"},"schema":{"@context":"https:\/\/schema.org","@graph":[{"@type":"Article","@id":"https:\/\/www.amg-informatique.fr\/w2\/matinee-amg-la-reforme-de-la-formation-professionnelle-du-8-novembre\/#article","isPartOf":{"@id":"https:\/\/www.amg-informatique.fr\/w2\/matinee-amg-la-reforme-de-la-formation-professionnelle-du-8-novembre\/"},"author":{"name":"AMG INFORMATIQUE","@id":"https:\/\/www.amg-informatique.fr\/w2\/#\/schema\/person\/abd28354df3fdad4a59d904d88579540"},"headline":"Matin\u00e9e AMG \u00ab La R\u00e9forme de la Formation Professionnelle \u00bb du 8 novembre","datePublished":"2016-11-08T14:18:11+00:00","dateModified":"2016-11-08T14:18:43+00:00","mainEntityOfPage":{"@id":"https:\/\/www.amg-informatique.fr\/w2\/matinee-amg-la-reforme-de-la-formation-professionnelle-du-8-novembre\/"},"wordCount":89,"publisher":{"@id":"https:\/\/www.amg-informatique.fr\/w2\/#organization"},"image":{"@id":"https:\/\/www.amg-informatique.fr\/w2\/matinee-amg-la-reforme-de-la-formation-professionnelle-du-8-novembre\/#primaryimage"},"thumbnailUrl":"https:\/\/www.amg-informatique.fr\/w2\/wp-content\/uploads\/IMG_4933.jpg","articleSection":["Formation professionnelle"],"inLanguage":"fr-FR"},{"@type":"WebPage","@id":"https:\/\/www.amg-informatique.fr\/w2\/matinee-amg-la-reforme-de-la-formation-professionnelle-du-8-novembre\/","url":"https:\/\/www.amg-informatique.fr\/w2\/matinee-amg-la-reforme-de-la-formation-professionnelle-du-8-novembre\/","name":"Matin\u00e9e AMG \u00ab La R\u00e9forme de la Formation Professionnelle \u00bb du 8 novembre - AMG INFORMATIQUE - Expert en Cybers\u00e9curit\u00e9 et Solutions informatiques en Bourgogne Franche-Comt\u00e9","isPartOf":{"@id":"https:\/\/www.amg-informatique.fr\/w2\/#website"},"primaryImageOfPage":{"@id":"https:\/\/www.amg-informatique.fr\/w2\/matinee-amg-la-reforme-de-la-formation-professionnelle-du-8-novembre\/#primaryimage"},"image":{"@id":"https:\/\/www.amg-informatique.fr\/w2\/matinee-amg-la-reforme-de-la-formation-professionnelle-du-8-novembre\/#primaryimage"},"thumbnailUrl":"https:\/\/www.amg-informatique.fr\/w2\/wp-content\/uploads\/IMG_4933.jpg","datePublished":"2016-11-08T14:18:11+00:00","dateModified":"2016-11-08T14:18:43+00:00","description":"Toutes les actualit\u00e9s d'AMG INFORMATIQUE \u00e0 Dijon et au Creusot","breadcrumb":{"@id":"https:\/\/www.amg-informatique.fr\/w2\/matinee-amg-la-reforme-de-la-formation-professionnelle-du-8-novembre\/#breadcrumb"},"inLanguage":"fr-FR","potentialAction":[{"@type":"ReadAction","target":["https:\/\/www.amg-informatique.fr\/w2\/matinee-amg-la-reforme-de-la-formation-professionnelle-du-8-novembre\/"]}]},{"@type":"ImageObject","inLanguage":"fr-FR","@id":"https:\/\/www.amg-informatique.fr\/w2\/matinee-amg-la-reforme-de-la-formation-professionnelle-du-8-novembre\/#primaryimage","url":"https:\/\/www.amg-informatique.fr\/w2\/wp-content\/uploads\/IMG_4933.jpg","contentUrl":"https:\/\/www.amg-informatique.fr\/w2\/wp-content\/uploads\/IMG_4933.jpg","width":2016,"height":1512},{"@type":"BreadcrumbList","@id":"https:\/\/www.amg-informatique.fr\/w2\/matinee-amg-la-reforme-de-la-formation-professionnelle-du-8-novembre\/#breadcrumb","itemListElement":[{"@type":"ListItem","position":1,"name":"Accueil","item":"https:\/\/www.amg-informatique.fr\/w2\/"},{"@type":"ListItem","position":2,"name":"Matin\u00e9e AMG \u00ab La R\u00e9forme de la Formation Professionnelle \u00bb du 8 novembre"}]},{"@type":"WebSite","@id":"https:\/\/www.amg-informatique.fr\/w2\/#website","url":"https:\/\/www.amg-informatique.fr\/w2\/","name":"AMG INFORMATIQUE - Cybers\u00e9curit\u00e9","description":"Cybers\u00e9curit\u00e9 et Solutions informatiques pour les professionnels \u00e0 Dijon (21) et au Creusot (71)","publisher":{"@id":"https:\/\/www.amg-informatique.fr\/w2\/#organization"},"potentialAction":[{"@type":"SearchAction","target":{"@type":"EntryPoint","urlTemplate":"https:\/\/www.amg-informatique.fr\/w2\/?s={search_term_string}"},"query-input":{"@type":"PropertyValueSpecification","valueRequired":true,"valueName":"search_term_string"}}],"inLanguage":"fr-FR"},{"@type":"Organization","@id":"https:\/\/www.amg-informatique.fr\/w2\/#organization","name":"AMG INFORMATIQUE - Expert Cybers\u00e9curit\u00e9 Bourgogne Franche-Comt\u00e9","url":"https:\/\/www.amg-informatique.fr\/w2\/","logo":{"@type":"ImageObject","inLanguage":"fr-FR","@id":"https:\/\/www.amg-informatique.fr\/w2\/#\/schema\/logo\/image\/","url":"https:\/\/www.amg-informatique.fr\/w2\/wp-content\/uploads\/logoAMG-1.jpg","contentUrl":"https:\/\/www.amg-informatique.fr\/w2\/wp-content\/uploads\/logoAMG-1.jpg","width":2139,"height":747,"caption":"AMG INFORMATIQUE - Expert Cybers\u00e9curit\u00e9 Bourgogne Franche-Comt\u00e9"},"image":{"@id":"https:\/\/www.amg-informatique.fr\/w2\/#\/schema\/logo\/image\/"},"sameAs":["https:\/\/www.facebook.com\/AMG.INFORMATIQUE\/","https:\/\/x.com\/AMGINFORMATIQUE","https:\/\/www.linkedin.com\/company\/amg-informatique\/"]},{"@type":"Person","@id":"https:\/\/www.amg-informatique.fr\/w2\/#\/schema\/person\/abd28354df3fdad4a59d904d88579540","name":"AMG INFORMATIQUE","image":{"@type":"ImageObject","inLanguage":"fr-FR","@id":"https:\/\/secure.gravatar.com\/avatar\/a038a337a9e93bb21b11baf3f3f7e46de3a269dc6a2c84e5b8154ce875ce8fe8?s=96&d=mm&r=g","url":"https:\/\/secure.gravatar.com\/avatar\/a038a337a9e93bb21b11baf3f3f7e46de3a269dc6a2c84e5b8154ce875ce8fe8?s=96&d=mm&r=g","contentUrl":"https:\/\/secure.gravatar.com\/avatar\/a038a337a9e93bb21b11baf3f3f7e46de3a269dc6a2c84e5b8154ce875ce8fe8?s=96&d=mm&r=g","caption":"AMG INFORMATIQUE"},"url":"https:\/\/www.amg-informatique.fr\/w2\/author\/amg-informatique\/"}]}},"_links":{"self":[{"href":"https:\/\/www.amg-informatique.fr\/w2\/wp-json\/wp\/v2\/posts\/3393","targetHints":{"allow":["GET"]}}],"collection":[{"href":"https:\/\/www.amg-informatique.fr\/w2\/wp-json\/wp\/v2\/posts"}],"about":[{"href":"https:\/\/www.amg-informatique.fr\/w2\/wp-json\/wp\/v2\/types\/post"}],"author":[{"embeddable":true,"href":"https:\/\/www.amg-informatique.fr\/w2\/wp-json\/wp\/v2\/users\/7"}],"replies":[{"embeddable":true,"href":"https:\/\/www.amg-informatique.fr\/w2\/wp-json\/wp\/v2\/comments?post=3393"}],"version-history":[{"count":1,"href":"https:\/\/www.amg-informatique.fr\/w2\/wp-json\/wp\/v2\/posts\/3393\/revisions"}],"predecessor-version":[{"id":3394,"href":"https:\/\/www.amg-informatique.fr\/w2\/wp-json\/wp\/v2\/posts\/3393\/revisions\/3394"}],"wp:featuredmedia":[{"embeddable":true,"href":"https:\/\/www.amg-informatique.fr\/w2\/wp-json\/wp\/v2\/media\/3383"}],"wp:attachment":[{"href":"https:\/\/www.amg-informatique.fr\/w2\/wp-json\/wp\/v2\/media?parent=3393"}],"wp:term":[{"taxonomy":"category","embeddable":true,"href":"https:\/\/www.amg-informatique.fr\/w2\/wp-json\/wp\/v2\/categories?post=3393"},{"taxonomy":"post_tag","embeddable":true,"href":"https:\/\/www.amg-informatique.fr\/w2\/wp-json\/wp\/v2\/tags?post=3393"}],"curies":[{"name":"wp","href":"https:\/\/api.w.org\/{rel}","templated":true}]}}