{"id":3372,"date":"2016-10-25T09:35:41","date_gmt":"2016-10-25T07:35:41","guid":{"rendered":"http:\/\/amg-informatique.fr\/w2\/?p=3372"},"modified":"2016-10-25T09:41:04","modified_gmt":"2016-10-25T07:41:04","slug":"petit-dejeuner-amg-le-8-novembre-2016-prochain-la-reforme-de-la-formation-professionnelle-2","status":"publish","type":"post","link":"https:\/\/www.amg-informatique.fr\/w2\/petit-dejeuner-amg-le-8-novembre-2016-prochain-la-reforme-de-la-formation-professionnelle-2\/","title":{"rendered":"J-15 \/\/ Petit-d\u00e9jeuner AMG : la R\u00e9forme de la Formation Professionnelle \/\/ 8 novembre 2016 &#8211; Dijon"},"content":{"rendered":"<p>[section background_repeat=\u00a0\u00bbrepeat\u00a0\u00bb background_position=\u00a0\u00bbcenter top\u00a0\u00bb background_attachment=\u00a0\u00bbstatic\u00a0\u00bb background_scroll=\u00a0\u00bbnone\u00a0\u00bb]<\/p>\n<p><img decoding=\"async\" class=\"lazyload wp-image-3285 aligncenter\" src=\"http:\/\/amg-informatique.fr\/w2\/wp-content\/uploads\/reforme-formation-professionnelle-web-1.jpg\" data-orig-src=\"http:\/\/amg-informatique.fr\/w2\/wp-content\/uploads\/reforme-formation-professionnelle-web-1.jpg\" alt=\"reforme-formation-professionnelle-web\" width=\"1300\" height=\"598\" srcset=\"data:image\/svg+xml,%3Csvg%20xmlns%3D%27http%3A%2F%2Fwww.w3.org%2F2000%2Fsvg%27%20width%3D%271300%27%20height%3D%27598%27%20viewBox%3D%270%200%201300%20598%27%3E%3Crect%20width%3D%271300%27%20height%3D%27598%27%20fill-opacity%3D%220%22%2F%3E%3C%2Fsvg%3E\" data-srcset=\"https:\/\/www.amg-informatique.fr\/w2\/wp-content\/uploads\/reforme-formation-professionnelle-web-1-239x110.jpg 239w, https:\/\/www.amg-informatique.fr\/w2\/wp-content\/uploads\/reforme-formation-professionnelle-web-1-300x138.jpg 300w, https:\/\/www.amg-informatique.fr\/w2\/wp-content\/uploads\/reforme-formation-professionnelle-web-1-320x147.jpg 320w, https:\/\/www.amg-informatique.fr\/w2\/wp-content\/uploads\/reforme-formation-professionnelle-web-1-636x293.jpg 636w, https:\/\/www.amg-informatique.fr\/w2\/wp-content\/uploads\/reforme-formation-professionnelle-web-1-768x353.jpg 768w, https:\/\/www.amg-informatique.fr\/w2\/wp-content\/uploads\/reforme-formation-professionnelle-web-1-968x445.jpg 968w, https:\/\/www.amg-informatique.fr\/w2\/wp-content\/uploads\/reforme-formation-professionnelle-web-1.jpg 1200w\" data-sizes=\"auto\" data-orig-sizes=\"(max-width: 1300px) 100vw, 1300px\" \/><\/p>\n<h2>PROGRAMME<\/h2>\n<p><strong><span style=\"color: #f9b745; font-size: 24px;\">9h30 &#8211; 10h00<\/span><\/strong><br \/>\n<strong><span style=\"color: #000000; font-size: 20px;\">Accueil \/ Petit d\u00e9jeuner<\/span><\/strong><\/p>\n<p><strong><span style=\"color: #f9b745; font-size: 24px;\">10h00 &#8211; 10h30<\/span><\/strong><br \/>\n<strong><span style=\"color: #000000; font-size: 20px;\">Le point sur la r\u00e9forme de la formation professionnelle<\/span><\/strong><br \/>\n<img decoding=\"async\" class=\"lazyload alignnone size-full wp-image-3255\" src=\"data:image\/svg+xml,%3Csvg%20xmlns%3D%27http%3A%2F%2Fwww.w3.org%2F2000%2Fsvg%27%20width%3D%277%27%20height%3D%277%27%20viewBox%3D%270%200%207%207%27%3E%3Crect%20width%3D%277%27%20height%3D%277%27%20fill-opacity%3D%220%22%2F%3E%3C%2Fsvg%3E\" data-orig-src=\"http:\/\/amg-informatique.fr\/w2\/wp-content\/uploads\/circle.png\" alt=\"circle\" width=\"7\" height=\"7\" \/> O\u00f9 en est-on aujourd\u2019hui ?<br \/>\n<img decoding=\"async\" class=\"lazyload alignnone size-full wp-image-3255\" src=\"data:image\/svg+xml,%3Csvg%20xmlns%3D%27http%3A%2F%2Fwww.w3.org%2F2000%2Fsvg%27%20width%3D%277%27%20height%3D%277%27%20viewBox%3D%270%200%207%207%27%3E%3Crect%20width%3D%277%27%20height%3D%277%27%20fill-opacity%3D%220%22%2F%3E%3C%2Fsvg%3E\" data-orig-src=\"http:\/\/amg-informatique.fr\/w2\/wp-content\/uploads\/circle.png\" alt=\"circle\" width=\"7\" height=\"7\" \/> CPF et CPA : quels impacts sur votre entreprise ?<br \/>\n<img decoding=\"async\" class=\"lazyload alignnone size-full wp-image-3255\" src=\"data:image\/svg+xml,%3Csvg%20xmlns%3D%27http%3A%2F%2Fwww.w3.org%2F2000%2Fsvg%27%20width%3D%277%27%20height%3D%277%27%20viewBox%3D%270%200%207%207%27%3E%3Crect%20width%3D%277%27%20height%3D%277%27%20fill-opacity%3D%220%22%2F%3E%3C%2Fsvg%3E\" data-orig-src=\"http:\/\/amg-informatique.fr\/w2\/wp-content\/uploads\/circle.png\" alt=\"circle\" width=\"7\" height=\"7\" \/> Comment acc\u00e9der au financement ?<br \/>\n<img decoding=\"async\" class=\"lazyload alignnone size-full wp-image-3255\" src=\"data:image\/svg+xml,%3Csvg%20xmlns%3D%27http%3A%2F%2Fwww.w3.org%2F2000%2Fsvg%27%20width%3D%277%27%20height%3D%277%27%20viewBox%3D%270%200%207%207%27%3E%3Crect%20width%3D%277%27%20height%3D%277%27%20fill-opacity%3D%220%22%2F%3E%3C%2Fsvg%3E\" data-orig-src=\"http:\/\/amg-informatique.fr\/w2\/wp-content\/uploads\/circle.png\" alt=\"circle\" width=\"7\" height=\"7\" \/> Quelles sont les formations \u00e9ligibles ?<br \/>\n<em><span style=\"color: #b2b2b2;\">Intervenante : Karine BOURGEOIS-GAUTHERON \/\/ AGEFOS PME Bourgogne Franche-Comt\u00e9<\/span><\/em><\/p>\n<p><strong><span style=\"color: #f9b745; font-size: 24px;\">10h30 &#8211; 11h00<\/span><\/strong><br \/>\n<strong><span style=\"color: #000000; font-size: 20px;\">La certification des comp\u00e9tences : un atout pour tous<\/span><\/strong><br \/>\n<img decoding=\"async\" class=\"lazyload alignnone size-full wp-image-3255\" src=\"data:image\/svg+xml,%3Csvg%20xmlns%3D%27http%3A%2F%2Fwww.w3.org%2F2000%2Fsvg%27%20width%3D%277%27%20height%3D%277%27%20viewBox%3D%270%200%207%207%27%3E%3Crect%20width%3D%277%27%20height%3D%277%27%20fill-opacity%3D%220%22%2F%3E%3C%2Fsvg%3E\" data-orig-src=\"http:\/\/amg-informatique.fr\/w2\/wp-content\/uploads\/circle.png\" alt=\"circle\" width=\"7\" height=\"7\" \/> Les apports de la certification pour les salari\u00e9s et les employeurs<br \/>\n<img decoding=\"async\" class=\"lazyload alignnone size-full wp-image-3255\" src=\"data:image\/svg+xml,%3Csvg%20xmlns%3D%27http%3A%2F%2Fwww.w3.org%2F2000%2Fsvg%27%20width%3D%277%27%20height%3D%277%27%20viewBox%3D%270%200%207%207%27%3E%3Crect%20width%3D%277%27%20height%3D%277%27%20fill-opacity%3D%220%22%2F%3E%3C%2Fsvg%3E\" data-orig-src=\"http:\/\/amg-informatique.fr\/w2\/wp-content\/uploads\/circle.png\" alt=\"circle\" width=\"7\" height=\"7\" \/> Cas pratique : le TOSA<br \/>\n<img decoding=\"async\" class=\"lazyload alignnone size-full wp-image-3255\" src=\"data:image\/svg+xml,%3Csvg%20xmlns%3D%27http%3A%2F%2Fwww.w3.org%2F2000%2Fsvg%27%20width%3D%277%27%20height%3D%277%27%20viewBox%3D%270%200%207%207%27%3E%3Crect%20width%3D%277%27%20height%3D%277%27%20fill-opacity%3D%220%22%2F%3E%3C%2Fsvg%3E\" data-orig-src=\"http:\/\/amg-informatique.fr\/w2\/wp-content\/uploads\/circle.png\" alt=\"circle\" width=\"7\" height=\"7\" \/> Perspectives 2017 et nouvelles certifications<br \/>\n<em><span style=\"color: #b2b2b2;\">Intervenante : Juliette BRUN \/\/ TOSA ISOGRAD<\/span><\/em><\/p>\n<p><strong><span style=\"color: #f9b745; font-size: 24px;\">11h00 &#8211; 11h20<\/span><\/strong><br \/>\n<strong><span style=\"color: #000000; font-size: 20px;\">Questions-R\u00e9ponses<\/span><\/strong><\/p>\n<p><strong><span style=\"color: #f9b745; font-size: 24px;\">11h20<\/span><\/strong><br \/>\n<strong><span style=\"color: #000000; font-size: 20px;\">Cocktail d\u00e9jeunatoire<\/span><\/strong><\/p>\n<h2 style=\"text-align: center;\">INSCRIPTION<\/h2>\n<p style=\"text-align: center;\">Pour vous inscrire \u00e0 ce petit-d\u00e9jeuner <a href=\"http:\/\/amg-informatique.fr\/w2\/inscription-au-petit-dejeuner-la-reforme-de-la-formation-professionnelle.html\">cliquez sur ce lien<\/a>.<\/p>\n<p style=\"text-align: center;\"><em>NB : Inscription r\u00e9serv\u00e9e aux professionnels, dirigeants, cadres et personnels issus du domaine des ressources humaines.<\/em><\/p>\n<p>[\/section]<\/p>\n","protected":false},"excerpt":{"rendered":"<p>[section background_repeat=\u00a0\u00bbrepeat\u00a0\u00bb background_position=\u00a0\u00bbcenter top\u00a0\u00bb background_attachment=\u00a0\u00bbstatic\u00a0\u00bb background_scroll=\u00a0\u00bbnone\u00a0\u00bb] PROGRAMME 9h30 &#8211; 10h00 Accueil \/ Petit d\u00e9jeuner 10h00 &#8211; 10h30 Le point sur la r\u00e9forme de la formation professionnelle O\u00f9 en est-on aujourd\u2019hui ? CPF et CPA : quels impacts sur votre entreprise ? Comment acc\u00e9der au financement ? Quelles sont les formations \u00e9ligibles ? Intervenante : Karine  [&#8230;]<\/p>\n","protected":false},"author":7,"featured_media":3285,"comment_status":"closed","ping_status":"closed","sticky":false,"template":"","format":"standard","meta":{"footnotes":""},"categories":[68],"tags":[],"class_list":["post-3372","post","type-post","status-publish","format-standard","has-post-thumbnail","hentry","category-formation-continue"],"yoast_head":"<!-- This site is optimized with the Yoast SEO plugin v27.4 - https:\/\/yoast.com\/product\/yoast-seo-wordpress\/ -->\n<title>J-15 \/\/ Petit-d\u00e9jeuner AMG : la R\u00e9forme de la Formation Professionnelle \/\/ 8 novembre 2016 - Dijon - AMG INFORMATIQUE - Expert en Cybers\u00e9curit\u00e9 et Solutions informatiques en Bourgogne Franche-Comt\u00e9<\/title>\n<meta name=\"description\" content=\"Toutes les actualit\u00e9s d&#039;AMG INFORMATIQUE \u00e0 Dijon et au Creusot\" \/>\n<meta name=\"robots\" content=\"index, follow, max-snippet:-1, max-image-preview:large, max-video-preview:-1\" \/>\n<link rel=\"canonical\" href=\"https:\/\/www.amg-informatique.fr\/w2\/petit-dejeuner-amg-le-8-novembre-2016-prochain-la-reforme-de-la-formation-professionnelle-2\/\" \/>\n<meta property=\"og:locale\" content=\"fr_FR\" \/>\n<meta property=\"og:type\" content=\"article\" \/>\n<meta property=\"og:title\" content=\"J-15 \/\/ Petit-d\u00e9jeuner AMG : la R\u00e9forme de la Formation Professionnelle \/\/ 8 novembre 2016 - Dijon - AMG INFORMATIQUE - Expert en Cybers\u00e9curit\u00e9 et Solutions informatiques en Bourgogne Franche-Comt\u00e9\" \/>\n<meta property=\"og:description\" content=\"Toutes les actualit\u00e9s d&#039;AMG INFORMATIQUE \u00e0 Dijon et au Creusot\" \/>\n<meta property=\"og:url\" content=\"https:\/\/www.amg-informatique.fr\/w2\/petit-dejeuner-amg-le-8-novembre-2016-prochain-la-reforme-de-la-formation-professionnelle-2\/\" \/>\n<meta property=\"og:site_name\" content=\"AMG INFORMATIQUE - Expert en Cybers\u00e9curit\u00e9 et Solutions informatiques en Bourgogne Franche-Comt\u00e9\" \/>\n<meta property=\"article:publisher\" content=\"https:\/\/www.facebook.com\/AMG.INFORMATIQUE\/\" \/>\n<meta property=\"article:published_time\" content=\"2016-10-25T07:35:41+00:00\" \/>\n<meta property=\"article:modified_time\" content=\"2016-10-25T07:41:04+00:00\" \/>\n<meta property=\"og:image\" content=\"https:\/\/www.amg-informatique.fr\/w2\/wp-content\/uploads\/reforme-formation-professionnelle-web-1.jpg\" \/>\n\t<meta property=\"og:image:width\" content=\"1200\" \/>\n\t<meta property=\"og:image:height\" content=\"552\" \/>\n\t<meta property=\"og:image:type\" content=\"image\/jpeg\" \/>\n<meta name=\"author\" content=\"AMG INFORMATIQUE\" \/>\n<meta name=\"twitter:card\" content=\"summary_large_image\" \/>\n<meta name=\"twitter:creator\" content=\"@AMGINFORMATIQUE\" \/>\n<meta name=\"twitter:site\" content=\"@AMGINFORMATIQUE\" \/>\n<meta name=\"twitter:label1\" content=\"\u00c9crit par\" \/>\n\t<meta name=\"twitter:data1\" content=\"AMG INFORMATIQUE\" \/>\n\t<meta name=\"twitter:label2\" content=\"Dur\u00e9e de lecture estim\u00e9e\" \/>\n\t<meta name=\"twitter:data2\" content=\"1 minute\" \/>\n<script type=\"application\/ld+json\" class=\"yoast-schema-graph\">{\"@context\":\"https:\\\/\\\/schema.org\",\"@graph\":[{\"@type\":\"Article\",\"@id\":\"https:\\\/\\\/www.amg-informatique.fr\\\/w2\\\/petit-dejeuner-amg-le-8-novembre-2016-prochain-la-reforme-de-la-formation-professionnelle-2\\\/#article\",\"isPartOf\":{\"@id\":\"https:\\\/\\\/www.amg-informatique.fr\\\/w2\\\/petit-dejeuner-amg-le-8-novembre-2016-prochain-la-reforme-de-la-formation-professionnelle-2\\\/\"},\"author\":{\"name\":\"AMG INFORMATIQUE\",\"@id\":\"https:\\\/\\\/www.amg-informatique.fr\\\/w2\\\/#\\\/schema\\\/person\\\/abd28354df3fdad4a59d904d88579540\"},\"headline\":\"J-15 \\\/\\\/ Petit-d\u00e9jeuner AMG : la R\u00e9forme de la Formation Professionnelle \\\/\\\/ 8 novembre 2016 &#8211; Dijon\",\"datePublished\":\"2016-10-25T07:35:41+00:00\",\"dateModified\":\"2016-10-25T07:41:04+00:00\",\"mainEntityOfPage\":{\"@id\":\"https:\\\/\\\/www.amg-informatique.fr\\\/w2\\\/petit-dejeuner-amg-le-8-novembre-2016-prochain-la-reforme-de-la-formation-professionnelle-2\\\/\"},\"wordCount\":154,\"publisher\":{\"@id\":\"https:\\\/\\\/www.amg-informatique.fr\\\/w2\\\/#organization\"},\"image\":{\"@id\":\"https:\\\/\\\/www.amg-informatique.fr\\\/w2\\\/petit-dejeuner-amg-le-8-novembre-2016-prochain-la-reforme-de-la-formation-professionnelle-2\\\/#primaryimage\"},\"thumbnailUrl\":\"https:\\\/\\\/www.amg-informatique.fr\\\/w2\\\/wp-content\\\/uploads\\\/reforme-formation-professionnelle-web-1.jpg\",\"articleSection\":[\"Formation professionnelle\"],\"inLanguage\":\"fr-FR\"},{\"@type\":\"WebPage\",\"@id\":\"https:\\\/\\\/www.amg-informatique.fr\\\/w2\\\/petit-dejeuner-amg-le-8-novembre-2016-prochain-la-reforme-de-la-formation-professionnelle-2\\\/\",\"url\":\"https:\\\/\\\/www.amg-informatique.fr\\\/w2\\\/petit-dejeuner-amg-le-8-novembre-2016-prochain-la-reforme-de-la-formation-professionnelle-2\\\/\",\"name\":\"J-15 \\\/\\\/ Petit-d\u00e9jeuner AMG : la R\u00e9forme de la Formation Professionnelle \\\/\\\/ 8 novembre 2016 - Dijon - AMG INFORMATIQUE - Expert en Cybers\u00e9curit\u00e9 et Solutions informatiques en Bourgogne Franche-Comt\u00e9\",\"isPartOf\":{\"@id\":\"https:\\\/\\\/www.amg-informatique.fr\\\/w2\\\/#website\"},\"primaryImageOfPage\":{\"@id\":\"https:\\\/\\\/www.amg-informatique.fr\\\/w2\\\/petit-dejeuner-amg-le-8-novembre-2016-prochain-la-reforme-de-la-formation-professionnelle-2\\\/#primaryimage\"},\"image\":{\"@id\":\"https:\\\/\\\/www.amg-informatique.fr\\\/w2\\\/petit-dejeuner-amg-le-8-novembre-2016-prochain-la-reforme-de-la-formation-professionnelle-2\\\/#primaryimage\"},\"thumbnailUrl\":\"https:\\\/\\\/www.amg-informatique.fr\\\/w2\\\/wp-content\\\/uploads\\\/reforme-formation-professionnelle-web-1.jpg\",\"datePublished\":\"2016-10-25T07:35:41+00:00\",\"dateModified\":\"2016-10-25T07:41:04+00:00\",\"description\":\"Toutes les actualit\u00e9s d'AMG INFORMATIQUE \u00e0 Dijon et au Creusot\",\"breadcrumb\":{\"@id\":\"https:\\\/\\\/www.amg-informatique.fr\\\/w2\\\/petit-dejeuner-amg-le-8-novembre-2016-prochain-la-reforme-de-la-formation-professionnelle-2\\\/#breadcrumb\"},\"inLanguage\":\"fr-FR\",\"potentialAction\":[{\"@type\":\"ReadAction\",\"target\":[\"https:\\\/\\\/www.amg-informatique.fr\\\/w2\\\/petit-dejeuner-amg-le-8-novembre-2016-prochain-la-reforme-de-la-formation-professionnelle-2\\\/\"]}]},{\"@type\":\"ImageObject\",\"inLanguage\":\"fr-FR\",\"@id\":\"https:\\\/\\\/www.amg-informatique.fr\\\/w2\\\/petit-dejeuner-amg-le-8-novembre-2016-prochain-la-reforme-de-la-formation-professionnelle-2\\\/#primaryimage\",\"url\":\"https:\\\/\\\/www.amg-informatique.fr\\\/w2\\\/wp-content\\\/uploads\\\/reforme-formation-professionnelle-web-1.jpg\",\"contentUrl\":\"https:\\\/\\\/www.amg-informatique.fr\\\/w2\\\/wp-content\\\/uploads\\\/reforme-formation-professionnelle-web-1.jpg\",\"width\":1200,\"height\":552},{\"@type\":\"BreadcrumbList\",\"@id\":\"https:\\\/\\\/www.amg-informatique.fr\\\/w2\\\/petit-dejeuner-amg-le-8-novembre-2016-prochain-la-reforme-de-la-formation-professionnelle-2\\\/#breadcrumb\",\"itemListElement\":[{\"@type\":\"ListItem\",\"position\":1,\"name\":\"Accueil\",\"item\":\"https:\\\/\\\/www.amg-informatique.fr\\\/w2\\\/\"},{\"@type\":\"ListItem\",\"position\":2,\"name\":\"J-15 \\\/\\\/ Petit-d\u00e9jeuner AMG : la R\u00e9forme de la Formation Professionnelle \\\/\\\/ 8 novembre 2016 &#8211; Dijon\"}]},{\"@type\":\"WebSite\",\"@id\":\"https:\\\/\\\/www.amg-informatique.fr\\\/w2\\\/#website\",\"url\":\"https:\\\/\\\/www.amg-informatique.fr\\\/w2\\\/\",\"name\":\"AMG INFORMATIQUE - Cybers\u00e9curit\u00e9\",\"description\":\"Cybers\u00e9curit\u00e9 et Solutions informatiques pour les professionnels \u00e0 Dijon (21) et au Creusot (71)\",\"publisher\":{\"@id\":\"https:\\\/\\\/www.amg-informatique.fr\\\/w2\\\/#organization\"},\"potentialAction\":[{\"@type\":\"SearchAction\",\"target\":{\"@type\":\"EntryPoint\",\"urlTemplate\":\"https:\\\/\\\/www.amg-informatique.fr\\\/w2\\\/?s={search_term_string}\"},\"query-input\":{\"@type\":\"PropertyValueSpecification\",\"valueRequired\":true,\"valueName\":\"search_term_string\"}}],\"inLanguage\":\"fr-FR\"},{\"@type\":\"Organization\",\"@id\":\"https:\\\/\\\/www.amg-informatique.fr\\\/w2\\\/#organization\",\"name\":\"AMG INFORMATIQUE - Expert Cybers\u00e9curit\u00e9 Bourgogne Franche-Comt\u00e9\",\"url\":\"https:\\\/\\\/www.amg-informatique.fr\\\/w2\\\/\",\"logo\":{\"@type\":\"ImageObject\",\"inLanguage\":\"fr-FR\",\"@id\":\"https:\\\/\\\/www.amg-informatique.fr\\\/w2\\\/#\\\/schema\\\/logo\\\/image\\\/\",\"url\":\"https:\\\/\\\/www.amg-informatique.fr\\\/w2\\\/wp-content\\\/uploads\\\/logoAMG-1.jpg\",\"contentUrl\":\"https:\\\/\\\/www.amg-informatique.fr\\\/w2\\\/wp-content\\\/uploads\\\/logoAMG-1.jpg\",\"width\":2139,\"height\":747,\"caption\":\"AMG INFORMATIQUE - Expert Cybers\u00e9curit\u00e9 Bourgogne Franche-Comt\u00e9\"},\"image\":{\"@id\":\"https:\\\/\\\/www.amg-informatique.fr\\\/w2\\\/#\\\/schema\\\/logo\\\/image\\\/\"},\"sameAs\":[\"https:\\\/\\\/www.facebook.com\\\/AMG.INFORMATIQUE\\\/\",\"https:\\\/\\\/x.com\\\/AMGINFORMATIQUE\",\"https:\\\/\\\/www.linkedin.com\\\/company\\\/amg-informatique\\\/\"]},{\"@type\":\"Person\",\"@id\":\"https:\\\/\\\/www.amg-informatique.fr\\\/w2\\\/#\\\/schema\\\/person\\\/abd28354df3fdad4a59d904d88579540\",\"name\":\"AMG INFORMATIQUE\",\"image\":{\"@type\":\"ImageObject\",\"inLanguage\":\"fr-FR\",\"@id\":\"https:\\\/\\\/secure.gravatar.com\\\/avatar\\\/a038a337a9e93bb21b11baf3f3f7e46de3a269dc6a2c84e5b8154ce875ce8fe8?s=96&d=mm&r=g\",\"url\":\"https:\\\/\\\/secure.gravatar.com\\\/avatar\\\/a038a337a9e93bb21b11baf3f3f7e46de3a269dc6a2c84e5b8154ce875ce8fe8?s=96&d=mm&r=g\",\"contentUrl\":\"https:\\\/\\\/secure.gravatar.com\\\/avatar\\\/a038a337a9e93bb21b11baf3f3f7e46de3a269dc6a2c84e5b8154ce875ce8fe8?s=96&d=mm&r=g\",\"caption\":\"AMG INFORMATIQUE\"},\"url\":\"https:\\\/\\\/www.amg-informatique.fr\\\/w2\\\/author\\\/amg-informatique\\\/\"}]}<\/script>\n<!-- \/ Yoast SEO plugin. -->","yoast_head_json":{"title":"J-15 \/\/ Petit-d\u00e9jeuner AMG : la R\u00e9forme de la Formation Professionnelle \/\/ 8 novembre 2016 - Dijon - AMG INFORMATIQUE - Expert en Cybers\u00e9curit\u00e9 et Solutions informatiques en Bourgogne Franche-Comt\u00e9","description":"Toutes les actualit\u00e9s d'AMG INFORMATIQUE \u00e0 Dijon et au Creusot","robots":{"index":"index","follow":"follow","max-snippet":"max-snippet:-1","max-image-preview":"max-image-preview:large","max-video-preview":"max-video-preview:-1"},"canonical":"https:\/\/www.amg-informatique.fr\/w2\/petit-dejeuner-amg-le-8-novembre-2016-prochain-la-reforme-de-la-formation-professionnelle-2\/","og_locale":"fr_FR","og_type":"article","og_title":"J-15 \/\/ Petit-d\u00e9jeuner AMG : la R\u00e9forme de la Formation Professionnelle \/\/ 8 novembre 2016 - Dijon - AMG INFORMATIQUE - Expert en Cybers\u00e9curit\u00e9 et Solutions informatiques en Bourgogne Franche-Comt\u00e9","og_description":"Toutes les actualit\u00e9s d'AMG INFORMATIQUE \u00e0 Dijon et au Creusot","og_url":"https:\/\/www.amg-informatique.fr\/w2\/petit-dejeuner-amg-le-8-novembre-2016-prochain-la-reforme-de-la-formation-professionnelle-2\/","og_site_name":"AMG INFORMATIQUE - Expert en Cybers\u00e9curit\u00e9 et Solutions informatiques en Bourgogne Franche-Comt\u00e9","article_publisher":"https:\/\/www.facebook.com\/AMG.INFORMATIQUE\/","article_published_time":"2016-10-25T07:35:41+00:00","article_modified_time":"2016-10-25T07:41:04+00:00","og_image":[{"width":1200,"height":552,"url":"https:\/\/www.amg-informatique.fr\/w2\/wp-content\/uploads\/reforme-formation-professionnelle-web-1.jpg","type":"image\/jpeg"}],"author":"AMG INFORMATIQUE","twitter_card":"summary_large_image","twitter_creator":"@AMGINFORMATIQUE","twitter_site":"@AMGINFORMATIQUE","twitter_misc":{"\u00c9crit par":"AMG INFORMATIQUE","Dur\u00e9e de lecture estim\u00e9e":"1 minute"},"schema":{"@context":"https:\/\/schema.org","@graph":[{"@type":"Article","@id":"https:\/\/www.amg-informatique.fr\/w2\/petit-dejeuner-amg-le-8-novembre-2016-prochain-la-reforme-de-la-formation-professionnelle-2\/#article","isPartOf":{"@id":"https:\/\/www.amg-informatique.fr\/w2\/petit-dejeuner-amg-le-8-novembre-2016-prochain-la-reforme-de-la-formation-professionnelle-2\/"},"author":{"name":"AMG INFORMATIQUE","@id":"https:\/\/www.amg-informatique.fr\/w2\/#\/schema\/person\/abd28354df3fdad4a59d904d88579540"},"headline":"J-15 \/\/ Petit-d\u00e9jeuner AMG : la R\u00e9forme de la Formation Professionnelle \/\/ 8 novembre 2016 &#8211; Dijon","datePublished":"2016-10-25T07:35:41+00:00","dateModified":"2016-10-25T07:41:04+00:00","mainEntityOfPage":{"@id":"https:\/\/www.amg-informatique.fr\/w2\/petit-dejeuner-amg-le-8-novembre-2016-prochain-la-reforme-de-la-formation-professionnelle-2\/"},"wordCount":154,"publisher":{"@id":"https:\/\/www.amg-informatique.fr\/w2\/#organization"},"image":{"@id":"https:\/\/www.amg-informatique.fr\/w2\/petit-dejeuner-amg-le-8-novembre-2016-prochain-la-reforme-de-la-formation-professionnelle-2\/#primaryimage"},"thumbnailUrl":"https:\/\/www.amg-informatique.fr\/w2\/wp-content\/uploads\/reforme-formation-professionnelle-web-1.jpg","articleSection":["Formation professionnelle"],"inLanguage":"fr-FR"},{"@type":"WebPage","@id":"https:\/\/www.amg-informatique.fr\/w2\/petit-dejeuner-amg-le-8-novembre-2016-prochain-la-reforme-de-la-formation-professionnelle-2\/","url":"https:\/\/www.amg-informatique.fr\/w2\/petit-dejeuner-amg-le-8-novembre-2016-prochain-la-reforme-de-la-formation-professionnelle-2\/","name":"J-15 \/\/ Petit-d\u00e9jeuner AMG : la R\u00e9forme de la Formation Professionnelle \/\/ 8 novembre 2016 - Dijon - AMG INFORMATIQUE - Expert en Cybers\u00e9curit\u00e9 et Solutions informatiques en Bourgogne Franche-Comt\u00e9","isPartOf":{"@id":"https:\/\/www.amg-informatique.fr\/w2\/#website"},"primaryImageOfPage":{"@id":"https:\/\/www.amg-informatique.fr\/w2\/petit-dejeuner-amg-le-8-novembre-2016-prochain-la-reforme-de-la-formation-professionnelle-2\/#primaryimage"},"image":{"@id":"https:\/\/www.amg-informatique.fr\/w2\/petit-dejeuner-amg-le-8-novembre-2016-prochain-la-reforme-de-la-formation-professionnelle-2\/#primaryimage"},"thumbnailUrl":"https:\/\/www.amg-informatique.fr\/w2\/wp-content\/uploads\/reforme-formation-professionnelle-web-1.jpg","datePublished":"2016-10-25T07:35:41+00:00","dateModified":"2016-10-25T07:41:04+00:00","description":"Toutes les actualit\u00e9s d'AMG INFORMATIQUE \u00e0 Dijon et au Creusot","breadcrumb":{"@id":"https:\/\/www.amg-informatique.fr\/w2\/petit-dejeuner-amg-le-8-novembre-2016-prochain-la-reforme-de-la-formation-professionnelle-2\/#breadcrumb"},"inLanguage":"fr-FR","potentialAction":[{"@type":"ReadAction","target":["https:\/\/www.amg-informatique.fr\/w2\/petit-dejeuner-amg-le-8-novembre-2016-prochain-la-reforme-de-la-formation-professionnelle-2\/"]}]},{"@type":"ImageObject","inLanguage":"fr-FR","@id":"https:\/\/www.amg-informatique.fr\/w2\/petit-dejeuner-amg-le-8-novembre-2016-prochain-la-reforme-de-la-formation-professionnelle-2\/#primaryimage","url":"https:\/\/www.amg-informatique.fr\/w2\/wp-content\/uploads\/reforme-formation-professionnelle-web-1.jpg","contentUrl":"https:\/\/www.amg-informatique.fr\/w2\/wp-content\/uploads\/reforme-formation-professionnelle-web-1.jpg","width":1200,"height":552},{"@type":"BreadcrumbList","@id":"https:\/\/www.amg-informatique.fr\/w2\/petit-dejeuner-amg-le-8-novembre-2016-prochain-la-reforme-de-la-formation-professionnelle-2\/#breadcrumb","itemListElement":[{"@type":"ListItem","position":1,"name":"Accueil","item":"https:\/\/www.amg-informatique.fr\/w2\/"},{"@type":"ListItem","position":2,"name":"J-15 \/\/ Petit-d\u00e9jeuner AMG : la R\u00e9forme de la Formation Professionnelle \/\/ 8 novembre 2016 &#8211; Dijon"}]},{"@type":"WebSite","@id":"https:\/\/www.amg-informatique.fr\/w2\/#website","url":"https:\/\/www.amg-informatique.fr\/w2\/","name":"AMG INFORMATIQUE - Cybers\u00e9curit\u00e9","description":"Cybers\u00e9curit\u00e9 et Solutions informatiques pour les professionnels \u00e0 Dijon (21) et au Creusot (71)","publisher":{"@id":"https:\/\/www.amg-informatique.fr\/w2\/#organization"},"potentialAction":[{"@type":"SearchAction","target":{"@type":"EntryPoint","urlTemplate":"https:\/\/www.amg-informatique.fr\/w2\/?s={search_term_string}"},"query-input":{"@type":"PropertyValueSpecification","valueRequired":true,"valueName":"search_term_string"}}],"inLanguage":"fr-FR"},{"@type":"Organization","@id":"https:\/\/www.amg-informatique.fr\/w2\/#organization","name":"AMG INFORMATIQUE - Expert Cybers\u00e9curit\u00e9 Bourgogne Franche-Comt\u00e9","url":"https:\/\/www.amg-informatique.fr\/w2\/","logo":{"@type":"ImageObject","inLanguage":"fr-FR","@id":"https:\/\/www.amg-informatique.fr\/w2\/#\/schema\/logo\/image\/","url":"https:\/\/www.amg-informatique.fr\/w2\/wp-content\/uploads\/logoAMG-1.jpg","contentUrl":"https:\/\/www.amg-informatique.fr\/w2\/wp-content\/uploads\/logoAMG-1.jpg","width":2139,"height":747,"caption":"AMG INFORMATIQUE - Expert Cybers\u00e9curit\u00e9 Bourgogne Franche-Comt\u00e9"},"image":{"@id":"https:\/\/www.amg-informatique.fr\/w2\/#\/schema\/logo\/image\/"},"sameAs":["https:\/\/www.facebook.com\/AMG.INFORMATIQUE\/","https:\/\/x.com\/AMGINFORMATIQUE","https:\/\/www.linkedin.com\/company\/amg-informatique\/"]},{"@type":"Person","@id":"https:\/\/www.amg-informatique.fr\/w2\/#\/schema\/person\/abd28354df3fdad4a59d904d88579540","name":"AMG INFORMATIQUE","image":{"@type":"ImageObject","inLanguage":"fr-FR","@id":"https:\/\/secure.gravatar.com\/avatar\/a038a337a9e93bb21b11baf3f3f7e46de3a269dc6a2c84e5b8154ce875ce8fe8?s=96&d=mm&r=g","url":"https:\/\/secure.gravatar.com\/avatar\/a038a337a9e93bb21b11baf3f3f7e46de3a269dc6a2c84e5b8154ce875ce8fe8?s=96&d=mm&r=g","contentUrl":"https:\/\/secure.gravatar.com\/avatar\/a038a337a9e93bb21b11baf3f3f7e46de3a269dc6a2c84e5b8154ce875ce8fe8?s=96&d=mm&r=g","caption":"AMG INFORMATIQUE"},"url":"https:\/\/www.amg-informatique.fr\/w2\/author\/amg-informatique\/"}]}},"_links":{"self":[{"href":"https:\/\/www.amg-informatique.fr\/w2\/wp-json\/wp\/v2\/posts\/3372","targetHints":{"allow":["GET"]}}],"collection":[{"href":"https:\/\/www.amg-informatique.fr\/w2\/wp-json\/wp\/v2\/posts"}],"about":[{"href":"https:\/\/www.amg-informatique.fr\/w2\/wp-json\/wp\/v2\/types\/post"}],"author":[{"embeddable":true,"href":"https:\/\/www.amg-informatique.fr\/w2\/wp-json\/wp\/v2\/users\/7"}],"replies":[{"embeddable":true,"href":"https:\/\/www.amg-informatique.fr\/w2\/wp-json\/wp\/v2\/comments?post=3372"}],"version-history":[{"count":4,"href":"https:\/\/www.amg-informatique.fr\/w2\/wp-json\/wp\/v2\/posts\/3372\/revisions"}],"predecessor-version":[{"id":3379,"href":"https:\/\/www.amg-informatique.fr\/w2\/wp-json\/wp\/v2\/posts\/3372\/revisions\/3379"}],"wp:featuredmedia":[{"embeddable":true,"href":"https:\/\/www.amg-informatique.fr\/w2\/wp-json\/wp\/v2\/media\/3285"}],"wp:attachment":[{"href":"https:\/\/www.amg-informatique.fr\/w2\/wp-json\/wp\/v2\/media?parent=3372"}],"wp:term":[{"taxonomy":"category","embeddable":true,"href":"https:\/\/www.amg-informatique.fr\/w2\/wp-json\/wp\/v2\/categories?post=3372"},{"taxonomy":"post_tag","embeddable":true,"href":"https:\/\/www.amg-informatique.fr\/w2\/wp-json\/wp\/v2\/tags?post=3372"}],"curies":[{"name":"wp","href":"https:\/\/api.w.org\/{rel}","templated":true}]}}