{"id":3338,"date":"2016-10-17T10:17:17","date_gmt":"2016-10-17T08:17:17","guid":{"rendered":"http:\/\/amg-informatique.fr\/w2\/?p=3338"},"modified":"2017-02-07T17:56:07","modified_gmt":"2017-02-07T16:56:07","slug":"portrait-de-collaborateur-vincent-meyer-conseiller-formation","status":"publish","type":"post","link":"https:\/\/www.amg-informatique.fr\/w2\/portrait-de-collaborateur-vincent-meyer-conseiller-formation\/","title":{"rendered":"Portrait de collaborateur : Vincent Meyer, Conseiller Formation"},"content":{"rendered":"<p>Dans cette rubrique \u00ab Portrait de collaborateur \u00bb, AMG vous propose d\u2019aller \u00e0 la rencontre de Vincent MEYER, Conseiller Formation au sein de la soci\u00e9t\u00e9 depuis avril 1996.<\/p>\n<p><strong>Vincent, quel est ton r\u00f4le au sein de l\u2019entreprise ?<\/strong><br \/>\n> Mon r\u00f4le en tant que conseiller formation et responsable du service formation consiste \u00e0 \u00eatre l\u2019interlocuteur commercial et administratif de nos clients et prospects. Ceci implique au quotidien, l\u2019analyse de leurs attentes et besoins, des r\u00e9ponses et des conseils adapt\u00e9s, une organisation p\u00e9dagogique structur\u00e9e, un suivi post-formation. <\/p>\n<p><strong>Quelles sont tes passions\/loisirs ? <\/strong><br \/>\n> La pratique de la musique amateur, je joue de la batterie et des percussions. J\u2019organise r\u00e9guli\u00e8rement des concerts amateurs. Je suis \u00e9galement pr\u00e9sident d\u2019une association musicale.<\/p>\n<p><strong>1 plat et 1 boisson pr\u00e9f\u00e9r\u00e9s ?<\/strong><br \/>\n> Des grillades \u00e0 la chemin\u00e9e avec des amis. Un Montrachet Grand Cru (Domaine Ramonet).<\/p>\n<p><strong>Ton meilleur souvenir ?<\/strong><br \/>\n> Ils sont si nombreux mais toujours avec des amis et de la musique !<\/p>\n<p><strong>Ton plus beau voyage ?<\/strong><br \/>\n> La Turquie et toute sa magie il y a quelques ann\u00e9es maintenant.<\/p>\n<p><strong>Ta devise ?<\/strong><br \/>\n> Partager l\u2019excellence et ne rien laisser au hasard.<\/p>\n<p>\u00c0 bient\u00f4t pour d\u00e9couvrir un nouveau collaborateur !<\/p>\n","protected":false},"excerpt":{"rendered":"<p>Dans cette rubrique \u00ab Portrait de collaborateur \u00bb, AMG vous propose d\u2019aller \u00e0 la rencontre de Vincent MEYER, Conseiller Formation au sein de la soci\u00e9t\u00e9 depuis avril 1996. Vincent, quel est ton r\u00f4le au sein de l\u2019entreprise ? > Mon r\u00f4le en tant que conseiller formation et responsable du service formation consiste \u00e0 \u00eatre l\u2019interlocuteur  [&#8230;]<\/p>\n","protected":false},"author":7,"featured_media":3337,"comment_status":"closed","ping_status":"closed","sticky":false,"template":"","format":"standard","meta":{"footnotes":""},"categories":[28],"tags":[],"class_list":["post-3338","post","type-post","status-publish","format-standard","has-post-thumbnail","hentry","category-communication-dentreprise"],"yoast_head":"<!-- This site is optimized with the Yoast SEO plugin v27.4 - https:\/\/yoast.com\/product\/yoast-seo-wordpress\/ -->\n<title>Portrait de collaborateur : Vincent Meyer, Conseiller Formation - AMG INFORMATIQUE - Expert en Cybers\u00e9curit\u00e9 et Solutions informatiques en Bourgogne Franche-Comt\u00e9<\/title>\n<meta name=\"description\" content=\"Toutes les actualit\u00e9s d&#039;AMG INFORMATIQUE \u00e0 Dijon et au Creusot\" \/>\n<meta name=\"robots\" content=\"index, follow, max-snippet:-1, max-image-preview:large, max-video-preview:-1\" \/>\n<link rel=\"canonical\" href=\"https:\/\/www.amg-informatique.fr\/w2\/portrait-de-collaborateur-vincent-meyer-conseiller-formation\/\" \/>\n<meta property=\"og:locale\" content=\"fr_FR\" \/>\n<meta property=\"og:type\" content=\"article\" \/>\n<meta property=\"og:title\" content=\"Portrait de collaborateur : Vincent Meyer, Conseiller Formation - AMG INFORMATIQUE - Expert en Cybers\u00e9curit\u00e9 et Solutions informatiques en Bourgogne Franche-Comt\u00e9\" \/>\n<meta property=\"og:description\" content=\"Toutes les actualit\u00e9s d&#039;AMG INFORMATIQUE \u00e0 Dijon et au Creusot\" \/>\n<meta property=\"og:url\" content=\"https:\/\/www.amg-informatique.fr\/w2\/portrait-de-collaborateur-vincent-meyer-conseiller-formation\/\" \/>\n<meta property=\"og:site_name\" content=\"AMG INFORMATIQUE - Expert en Cybers\u00e9curit\u00e9 et Solutions informatiques en Bourgogne Franche-Comt\u00e9\" \/>\n<meta property=\"article:publisher\" content=\"https:\/\/www.facebook.com\/AMG.INFORMATIQUE\/\" \/>\n<meta property=\"article:published_time\" content=\"2016-10-17T08:17:17+00:00\" \/>\n<meta property=\"article:modified_time\" content=\"2017-02-07T16:56:07+00:00\" \/>\n<meta property=\"og:image\" content=\"https:\/\/www.amg-informatique.fr\/w2\/wp-content\/uploads\/vincent-meyer.jpg\" \/>\n\t<meta property=\"og:image:width\" content=\"1000\" \/>\n\t<meta property=\"og:image:height\" content=\"750\" \/>\n\t<meta property=\"og:image:type\" content=\"image\/jpeg\" \/>\n<meta name=\"author\" content=\"AMG INFORMATIQUE\" \/>\n<meta name=\"twitter:card\" content=\"summary_large_image\" \/>\n<meta name=\"twitter:creator\" content=\"@AMGINFORMATIQUE\" \/>\n<meta name=\"twitter:site\" content=\"@AMGINFORMATIQUE\" \/>\n<meta name=\"twitter:label1\" content=\"\u00c9crit par\" \/>\n\t<meta name=\"twitter:data1\" content=\"AMG INFORMATIQUE\" \/>\n\t<meta name=\"twitter:label2\" content=\"Dur\u00e9e de lecture estim\u00e9e\" \/>\n\t<meta name=\"twitter:data2\" content=\"1 minute\" \/>\n<script type=\"application\/ld+json\" class=\"yoast-schema-graph\">{\"@context\":\"https:\\\/\\\/schema.org\",\"@graph\":[{\"@type\":\"Article\",\"@id\":\"https:\\\/\\\/www.amg-informatique.fr\\\/w2\\\/portrait-de-collaborateur-vincent-meyer-conseiller-formation\\\/#article\",\"isPartOf\":{\"@id\":\"https:\\\/\\\/www.amg-informatique.fr\\\/w2\\\/portrait-de-collaborateur-vincent-meyer-conseiller-formation\\\/\"},\"author\":{\"name\":\"AMG INFORMATIQUE\",\"@id\":\"https:\\\/\\\/www.amg-informatique.fr\\\/w2\\\/#\\\/schema\\\/person\\\/abd28354df3fdad4a59d904d88579540\"},\"headline\":\"Portrait de collaborateur : Vincent Meyer, Conseiller Formation\",\"datePublished\":\"2016-10-17T08:17:17+00:00\",\"dateModified\":\"2017-02-07T16:56:07+00:00\",\"mainEntityOfPage\":{\"@id\":\"https:\\\/\\\/www.amg-informatique.fr\\\/w2\\\/portrait-de-collaborateur-vincent-meyer-conseiller-formation\\\/\"},\"wordCount\":206,\"publisher\":{\"@id\":\"https:\\\/\\\/www.amg-informatique.fr\\\/w2\\\/#organization\"},\"image\":{\"@id\":\"https:\\\/\\\/www.amg-informatique.fr\\\/w2\\\/portrait-de-collaborateur-vincent-meyer-conseiller-formation\\\/#primaryimage\"},\"thumbnailUrl\":\"https:\\\/\\\/www.amg-informatique.fr\\\/w2\\\/wp-content\\\/uploads\\\/vincent-meyer.jpg\",\"articleSection\":[\"Communication d'entreprise\"],\"inLanguage\":\"fr-FR\"},{\"@type\":\"WebPage\",\"@id\":\"https:\\\/\\\/www.amg-informatique.fr\\\/w2\\\/portrait-de-collaborateur-vincent-meyer-conseiller-formation\\\/\",\"url\":\"https:\\\/\\\/www.amg-informatique.fr\\\/w2\\\/portrait-de-collaborateur-vincent-meyer-conseiller-formation\\\/\",\"name\":\"Portrait de collaborateur : Vincent Meyer, Conseiller Formation - AMG INFORMATIQUE - Expert en Cybers\u00e9curit\u00e9 et Solutions informatiques en Bourgogne Franche-Comt\u00e9\",\"isPartOf\":{\"@id\":\"https:\\\/\\\/www.amg-informatique.fr\\\/w2\\\/#website\"},\"primaryImageOfPage\":{\"@id\":\"https:\\\/\\\/www.amg-informatique.fr\\\/w2\\\/portrait-de-collaborateur-vincent-meyer-conseiller-formation\\\/#primaryimage\"},\"image\":{\"@id\":\"https:\\\/\\\/www.amg-informatique.fr\\\/w2\\\/portrait-de-collaborateur-vincent-meyer-conseiller-formation\\\/#primaryimage\"},\"thumbnailUrl\":\"https:\\\/\\\/www.amg-informatique.fr\\\/w2\\\/wp-content\\\/uploads\\\/vincent-meyer.jpg\",\"datePublished\":\"2016-10-17T08:17:17+00:00\",\"dateModified\":\"2017-02-07T16:56:07+00:00\",\"description\":\"Toutes les actualit\u00e9s d'AMG INFORMATIQUE \u00e0 Dijon et au Creusot\",\"breadcrumb\":{\"@id\":\"https:\\\/\\\/www.amg-informatique.fr\\\/w2\\\/portrait-de-collaborateur-vincent-meyer-conseiller-formation\\\/#breadcrumb\"},\"inLanguage\":\"fr-FR\",\"potentialAction\":[{\"@type\":\"ReadAction\",\"target\":[\"https:\\\/\\\/www.amg-informatique.fr\\\/w2\\\/portrait-de-collaborateur-vincent-meyer-conseiller-formation\\\/\"]}]},{\"@type\":\"ImageObject\",\"inLanguage\":\"fr-FR\",\"@id\":\"https:\\\/\\\/www.amg-informatique.fr\\\/w2\\\/portrait-de-collaborateur-vincent-meyer-conseiller-formation\\\/#primaryimage\",\"url\":\"https:\\\/\\\/www.amg-informatique.fr\\\/w2\\\/wp-content\\\/uploads\\\/vincent-meyer.jpg\",\"contentUrl\":\"https:\\\/\\\/www.amg-informatique.fr\\\/w2\\\/wp-content\\\/uploads\\\/vincent-meyer.jpg\",\"width\":1000,\"height\":750},{\"@type\":\"BreadcrumbList\",\"@id\":\"https:\\\/\\\/www.amg-informatique.fr\\\/w2\\\/portrait-de-collaborateur-vincent-meyer-conseiller-formation\\\/#breadcrumb\",\"itemListElement\":[{\"@type\":\"ListItem\",\"position\":1,\"name\":\"Accueil\",\"item\":\"https:\\\/\\\/www.amg-informatique.fr\\\/w2\\\/\"},{\"@type\":\"ListItem\",\"position\":2,\"name\":\"Portrait de collaborateur : Vincent Meyer, Conseiller Formation\"}]},{\"@type\":\"WebSite\",\"@id\":\"https:\\\/\\\/www.amg-informatique.fr\\\/w2\\\/#website\",\"url\":\"https:\\\/\\\/www.amg-informatique.fr\\\/w2\\\/\",\"name\":\"AMG INFORMATIQUE - Cybers\u00e9curit\u00e9\",\"description\":\"Cybers\u00e9curit\u00e9 et Solutions informatiques pour les professionnels \u00e0 Dijon (21) et au Creusot (71)\",\"publisher\":{\"@id\":\"https:\\\/\\\/www.amg-informatique.fr\\\/w2\\\/#organization\"},\"potentialAction\":[{\"@type\":\"SearchAction\",\"target\":{\"@type\":\"EntryPoint\",\"urlTemplate\":\"https:\\\/\\\/www.amg-informatique.fr\\\/w2\\\/?s={search_term_string}\"},\"query-input\":{\"@type\":\"PropertyValueSpecification\",\"valueRequired\":true,\"valueName\":\"search_term_string\"}}],\"inLanguage\":\"fr-FR\"},{\"@type\":\"Organization\",\"@id\":\"https:\\\/\\\/www.amg-informatique.fr\\\/w2\\\/#organization\",\"name\":\"AMG INFORMATIQUE - Expert Cybers\u00e9curit\u00e9 Bourgogne Franche-Comt\u00e9\",\"url\":\"https:\\\/\\\/www.amg-informatique.fr\\\/w2\\\/\",\"logo\":{\"@type\":\"ImageObject\",\"inLanguage\":\"fr-FR\",\"@id\":\"https:\\\/\\\/www.amg-informatique.fr\\\/w2\\\/#\\\/schema\\\/logo\\\/image\\\/\",\"url\":\"https:\\\/\\\/www.amg-informatique.fr\\\/w2\\\/wp-content\\\/uploads\\\/logoAMG-1.jpg\",\"contentUrl\":\"https:\\\/\\\/www.amg-informatique.fr\\\/w2\\\/wp-content\\\/uploads\\\/logoAMG-1.jpg\",\"width\":2139,\"height\":747,\"caption\":\"AMG INFORMATIQUE - Expert Cybers\u00e9curit\u00e9 Bourgogne Franche-Comt\u00e9\"},\"image\":{\"@id\":\"https:\\\/\\\/www.amg-informatique.fr\\\/w2\\\/#\\\/schema\\\/logo\\\/image\\\/\"},\"sameAs\":[\"https:\\\/\\\/www.facebook.com\\\/AMG.INFORMATIQUE\\\/\",\"https:\\\/\\\/x.com\\\/AMGINFORMATIQUE\",\"https:\\\/\\\/www.linkedin.com\\\/company\\\/amg-informatique\\\/\"]},{\"@type\":\"Person\",\"@id\":\"https:\\\/\\\/www.amg-informatique.fr\\\/w2\\\/#\\\/schema\\\/person\\\/abd28354df3fdad4a59d904d88579540\",\"name\":\"AMG INFORMATIQUE\",\"image\":{\"@type\":\"ImageObject\",\"inLanguage\":\"fr-FR\",\"@id\":\"https:\\\/\\\/secure.gravatar.com\\\/avatar\\\/a038a337a9e93bb21b11baf3f3f7e46de3a269dc6a2c84e5b8154ce875ce8fe8?s=96&d=mm&r=g\",\"url\":\"https:\\\/\\\/secure.gravatar.com\\\/avatar\\\/a038a337a9e93bb21b11baf3f3f7e46de3a269dc6a2c84e5b8154ce875ce8fe8?s=96&d=mm&r=g\",\"contentUrl\":\"https:\\\/\\\/secure.gravatar.com\\\/avatar\\\/a038a337a9e93bb21b11baf3f3f7e46de3a269dc6a2c84e5b8154ce875ce8fe8?s=96&d=mm&r=g\",\"caption\":\"AMG INFORMATIQUE\"},\"url\":\"https:\\\/\\\/www.amg-informatique.fr\\\/w2\\\/author\\\/amg-informatique\\\/\"}]}<\/script>\n<!-- \/ Yoast SEO plugin. -->","yoast_head_json":{"title":"Portrait de collaborateur : Vincent Meyer, Conseiller Formation - AMG INFORMATIQUE - Expert en Cybers\u00e9curit\u00e9 et Solutions informatiques en Bourgogne Franche-Comt\u00e9","description":"Toutes les actualit\u00e9s d'AMG INFORMATIQUE \u00e0 Dijon et au Creusot","robots":{"index":"index","follow":"follow","max-snippet":"max-snippet:-1","max-image-preview":"max-image-preview:large","max-video-preview":"max-video-preview:-1"},"canonical":"https:\/\/www.amg-informatique.fr\/w2\/portrait-de-collaborateur-vincent-meyer-conseiller-formation\/","og_locale":"fr_FR","og_type":"article","og_title":"Portrait de collaborateur : Vincent Meyer, Conseiller Formation - AMG INFORMATIQUE - Expert en Cybers\u00e9curit\u00e9 et Solutions informatiques en Bourgogne Franche-Comt\u00e9","og_description":"Toutes les actualit\u00e9s d'AMG INFORMATIQUE \u00e0 Dijon et au Creusot","og_url":"https:\/\/www.amg-informatique.fr\/w2\/portrait-de-collaborateur-vincent-meyer-conseiller-formation\/","og_site_name":"AMG INFORMATIQUE - Expert en Cybers\u00e9curit\u00e9 et Solutions informatiques en Bourgogne Franche-Comt\u00e9","article_publisher":"https:\/\/www.facebook.com\/AMG.INFORMATIQUE\/","article_published_time":"2016-10-17T08:17:17+00:00","article_modified_time":"2017-02-07T16:56:07+00:00","og_image":[{"width":1000,"height":750,"url":"https:\/\/www.amg-informatique.fr\/w2\/wp-content\/uploads\/vincent-meyer.jpg","type":"image\/jpeg"}],"author":"AMG INFORMATIQUE","twitter_card":"summary_large_image","twitter_creator":"@AMGINFORMATIQUE","twitter_site":"@AMGINFORMATIQUE","twitter_misc":{"\u00c9crit par":"AMG INFORMATIQUE","Dur\u00e9e de lecture estim\u00e9e":"1 minute"},"schema":{"@context":"https:\/\/schema.org","@graph":[{"@type":"Article","@id":"https:\/\/www.amg-informatique.fr\/w2\/portrait-de-collaborateur-vincent-meyer-conseiller-formation\/#article","isPartOf":{"@id":"https:\/\/www.amg-informatique.fr\/w2\/portrait-de-collaborateur-vincent-meyer-conseiller-formation\/"},"author":{"name":"AMG INFORMATIQUE","@id":"https:\/\/www.amg-informatique.fr\/w2\/#\/schema\/person\/abd28354df3fdad4a59d904d88579540"},"headline":"Portrait de collaborateur : Vincent Meyer, Conseiller Formation","datePublished":"2016-10-17T08:17:17+00:00","dateModified":"2017-02-07T16:56:07+00:00","mainEntityOfPage":{"@id":"https:\/\/www.amg-informatique.fr\/w2\/portrait-de-collaborateur-vincent-meyer-conseiller-formation\/"},"wordCount":206,"publisher":{"@id":"https:\/\/www.amg-informatique.fr\/w2\/#organization"},"image":{"@id":"https:\/\/www.amg-informatique.fr\/w2\/portrait-de-collaborateur-vincent-meyer-conseiller-formation\/#primaryimage"},"thumbnailUrl":"https:\/\/www.amg-informatique.fr\/w2\/wp-content\/uploads\/vincent-meyer.jpg","articleSection":["Communication d'entreprise"],"inLanguage":"fr-FR"},{"@type":"WebPage","@id":"https:\/\/www.amg-informatique.fr\/w2\/portrait-de-collaborateur-vincent-meyer-conseiller-formation\/","url":"https:\/\/www.amg-informatique.fr\/w2\/portrait-de-collaborateur-vincent-meyer-conseiller-formation\/","name":"Portrait de collaborateur : Vincent Meyer, Conseiller Formation - AMG INFORMATIQUE - Expert en Cybers\u00e9curit\u00e9 et Solutions informatiques en Bourgogne Franche-Comt\u00e9","isPartOf":{"@id":"https:\/\/www.amg-informatique.fr\/w2\/#website"},"primaryImageOfPage":{"@id":"https:\/\/www.amg-informatique.fr\/w2\/portrait-de-collaborateur-vincent-meyer-conseiller-formation\/#primaryimage"},"image":{"@id":"https:\/\/www.amg-informatique.fr\/w2\/portrait-de-collaborateur-vincent-meyer-conseiller-formation\/#primaryimage"},"thumbnailUrl":"https:\/\/www.amg-informatique.fr\/w2\/wp-content\/uploads\/vincent-meyer.jpg","datePublished":"2016-10-17T08:17:17+00:00","dateModified":"2017-02-07T16:56:07+00:00","description":"Toutes les actualit\u00e9s d'AMG INFORMATIQUE \u00e0 Dijon et au Creusot","breadcrumb":{"@id":"https:\/\/www.amg-informatique.fr\/w2\/portrait-de-collaborateur-vincent-meyer-conseiller-formation\/#breadcrumb"},"inLanguage":"fr-FR","potentialAction":[{"@type":"ReadAction","target":["https:\/\/www.amg-informatique.fr\/w2\/portrait-de-collaborateur-vincent-meyer-conseiller-formation\/"]}]},{"@type":"ImageObject","inLanguage":"fr-FR","@id":"https:\/\/www.amg-informatique.fr\/w2\/portrait-de-collaborateur-vincent-meyer-conseiller-formation\/#primaryimage","url":"https:\/\/www.amg-informatique.fr\/w2\/wp-content\/uploads\/vincent-meyer.jpg","contentUrl":"https:\/\/www.amg-informatique.fr\/w2\/wp-content\/uploads\/vincent-meyer.jpg","width":1000,"height":750},{"@type":"BreadcrumbList","@id":"https:\/\/www.amg-informatique.fr\/w2\/portrait-de-collaborateur-vincent-meyer-conseiller-formation\/#breadcrumb","itemListElement":[{"@type":"ListItem","position":1,"name":"Accueil","item":"https:\/\/www.amg-informatique.fr\/w2\/"},{"@type":"ListItem","position":2,"name":"Portrait de collaborateur : Vincent Meyer, Conseiller Formation"}]},{"@type":"WebSite","@id":"https:\/\/www.amg-informatique.fr\/w2\/#website","url":"https:\/\/www.amg-informatique.fr\/w2\/","name":"AMG INFORMATIQUE - Cybers\u00e9curit\u00e9","description":"Cybers\u00e9curit\u00e9 et Solutions informatiques pour les professionnels \u00e0 Dijon (21) et au Creusot (71)","publisher":{"@id":"https:\/\/www.amg-informatique.fr\/w2\/#organization"},"potentialAction":[{"@type":"SearchAction","target":{"@type":"EntryPoint","urlTemplate":"https:\/\/www.amg-informatique.fr\/w2\/?s={search_term_string}"},"query-input":{"@type":"PropertyValueSpecification","valueRequired":true,"valueName":"search_term_string"}}],"inLanguage":"fr-FR"},{"@type":"Organization","@id":"https:\/\/www.amg-informatique.fr\/w2\/#organization","name":"AMG INFORMATIQUE - Expert Cybers\u00e9curit\u00e9 Bourgogne Franche-Comt\u00e9","url":"https:\/\/www.amg-informatique.fr\/w2\/","logo":{"@type":"ImageObject","inLanguage":"fr-FR","@id":"https:\/\/www.amg-informatique.fr\/w2\/#\/schema\/logo\/image\/","url":"https:\/\/www.amg-informatique.fr\/w2\/wp-content\/uploads\/logoAMG-1.jpg","contentUrl":"https:\/\/www.amg-informatique.fr\/w2\/wp-content\/uploads\/logoAMG-1.jpg","width":2139,"height":747,"caption":"AMG INFORMATIQUE - Expert Cybers\u00e9curit\u00e9 Bourgogne Franche-Comt\u00e9"},"image":{"@id":"https:\/\/www.amg-informatique.fr\/w2\/#\/schema\/logo\/image\/"},"sameAs":["https:\/\/www.facebook.com\/AMG.INFORMATIQUE\/","https:\/\/x.com\/AMGINFORMATIQUE","https:\/\/www.linkedin.com\/company\/amg-informatique\/"]},{"@type":"Person","@id":"https:\/\/www.amg-informatique.fr\/w2\/#\/schema\/person\/abd28354df3fdad4a59d904d88579540","name":"AMG INFORMATIQUE","image":{"@type":"ImageObject","inLanguage":"fr-FR","@id":"https:\/\/secure.gravatar.com\/avatar\/a038a337a9e93bb21b11baf3f3f7e46de3a269dc6a2c84e5b8154ce875ce8fe8?s=96&d=mm&r=g","url":"https:\/\/secure.gravatar.com\/avatar\/a038a337a9e93bb21b11baf3f3f7e46de3a269dc6a2c84e5b8154ce875ce8fe8?s=96&d=mm&r=g","contentUrl":"https:\/\/secure.gravatar.com\/avatar\/a038a337a9e93bb21b11baf3f3f7e46de3a269dc6a2c84e5b8154ce875ce8fe8?s=96&d=mm&r=g","caption":"AMG INFORMATIQUE"},"url":"https:\/\/www.amg-informatique.fr\/w2\/author\/amg-informatique\/"}]}},"_links":{"self":[{"href":"https:\/\/www.amg-informatique.fr\/w2\/wp-json\/wp\/v2\/posts\/3338","targetHints":{"allow":["GET"]}}],"collection":[{"href":"https:\/\/www.amg-informatique.fr\/w2\/wp-json\/wp\/v2\/posts"}],"about":[{"href":"https:\/\/www.amg-informatique.fr\/w2\/wp-json\/wp\/v2\/types\/post"}],"author":[{"embeddable":true,"href":"https:\/\/www.amg-informatique.fr\/w2\/wp-json\/wp\/v2\/users\/7"}],"replies":[{"embeddable":true,"href":"https:\/\/www.amg-informatique.fr\/w2\/wp-json\/wp\/v2\/comments?post=3338"}],"version-history":[{"count":4,"href":"https:\/\/www.amg-informatique.fr\/w2\/wp-json\/wp\/v2\/posts\/3338\/revisions"}],"predecessor-version":[{"id":3647,"href":"https:\/\/www.amg-informatique.fr\/w2\/wp-json\/wp\/v2\/posts\/3338\/revisions\/3647"}],"wp:featuredmedia":[{"embeddable":true,"href":"https:\/\/www.amg-informatique.fr\/w2\/wp-json\/wp\/v2\/media\/3337"}],"wp:attachment":[{"href":"https:\/\/www.amg-informatique.fr\/w2\/wp-json\/wp\/v2\/media?parent=3338"}],"wp:term":[{"taxonomy":"category","embeddable":true,"href":"https:\/\/www.amg-informatique.fr\/w2\/wp-json\/wp\/v2\/categories?post=3338"},{"taxonomy":"post_tag","embeddable":true,"href":"https:\/\/www.amg-informatique.fr\/w2\/wp-json\/wp\/v2\/tags?post=3338"}],"curies":[{"name":"wp","href":"https:\/\/api.w.org\/{rel}","templated":true}]}}