{"id":3096,"date":"2016-05-02T11:00:14","date_gmt":"2016-05-02T09:00:14","guid":{"rendered":"http:\/\/amg-informatique.fr\/w2\/?p=3096"},"modified":"2016-05-02T11:05:15","modified_gmt":"2016-05-02T09:05:15","slug":"amg-informatique-sengage-aux-cotes-du-lycee-gustave-eiffel-et-de-lassociation-action-contre-la-faim","status":"publish","type":"post","link":"https:\/\/www.amg-informatique.fr\/w2\/amg-informatique-sengage-aux-cotes-du-lycee-gustave-eiffel-et-de-lassociation-action-contre-la-faim\/","title":{"rendered":"AMG INFORMATIQUE s\u2019engage aux c\u00f4t\u00e9s du LYC\u00c9E GUSTAVE EIFFEL et de l\u2019association ACTION CONTRE LA FAIM"},"content":{"rendered":"<p>Depuis 19 ans, l\u2019ONG \u00ab ACTION CONTRE LA FAIM \u00bb, association reconnue d\u2019utilit\u00e9 publique, agr\u00e9\u00e9e par le Minist\u00e8re de l\u2019\u00c9ducation nationale au titre de la jeunesse et de l\u2019\u00e9ducation populaire, a pour but d\u2019intervenir pour sauver des vies, pr\u00e9server et restaurer la s\u00e9curit\u00e9 alimentaire des populations.<\/p>\n<p>Cette ann\u00e9e encore, <strong>\u00ab LA COURSE CONTRE LA FAIM \u00bb est organis\u00e9e au Lyc\u00e9e Gustave Eiffel le vendredi 27 mai de 13h30 \u00e0 15h00<\/strong> par le Conseil de Vie Lyc\u00e9enne (CVL) et la Maison Des Lyc\u00e9ens (MDL) du lyc\u00e9e en collaboration avec ACTION CONTRE LA FAIM et AMG INFORMATIQUE.<\/p>\n<p><strong>\u00ab LA COURSE CONTRE LA FAIM \u00bb <\/strong>sensibilise les jeunes au probl\u00e8me de la sous-nutrition dans le monde, puis les mobilise contre ce fl\u00e9au lors d\u2019une course solidaire. Elle permet aux jeunes de s\u2019impliquer concr\u00e8tement dans une action de solidarit\u00e9 et leur prouve que chacun peut agir \u00e0 son niveau, quel que soit son \u00e2ge. <\/p>\n<p><strong>Vous souhaitez effectuer un don pour soutenir \u00e9galement cette belle initiative des lyc\u00e9ens ? <\/strong><br \/>\nLe jour de la Course, le nom de votre entreprise sera affich\u00e9 sur une banderole de remerciements destin\u00e9 aux parrains, le long du circuit de la Course, sur les tee-shirts des \u00e9l\u00e8ves coureurs et sera diffus\u00e9 aupr\u00e8s de la presse. <\/p>\n<p>Pour plus d\u2019informations ou pour apporter votre contribution, consultez le site de la Maison des Lyc\u00e9ens (MDL) du Lyc\u00e9e Gustave Eiffel de Dijon <a href=\"http:\/\/mdl-lycee-eiffel-dijon.fr\/\" target=\"_blank\">http:\/\/mdl-lycee-eiffel-dijon.fr\/<\/a>  ou n\u2019h\u00e9sitez pas \u00e0 contacter Louis OCTOBON, lyc\u00e9en engag\u00e9 dans ce projet au 03 80 60 42 12 ou bien par mail \u00e0 0211033j@ac-dijon.fr.<\/p>\n","protected":false},"excerpt":{"rendered":"<p>Depuis 19 ans, l\u2019ONG \u00ab ACTION CONTRE LA FAIM \u00bb, association reconnue d\u2019utilit\u00e9 publique, agr\u00e9\u00e9e par le Minist\u00e8re de l\u2019\u00c9ducation nationale au titre de la jeunesse et de l\u2019\u00e9ducation populaire, a pour but d\u2019intervenir pour sauver des vies, pr\u00e9server et restaurer la s\u00e9curit\u00e9 alimentaire des populations. Cette ann\u00e9e encore, \u00ab LA COURSE CONTRE LA FAIM  [&#8230;]<\/p>\n","protected":false},"author":7,"featured_media":3097,"comment_status":"closed","ping_status":"closed","sticky":false,"template":"","format":"standard","meta":{"footnotes":""},"categories":[28],"tags":[],"class_list":["post-3096","post","type-post","status-publish","format-standard","has-post-thumbnail","hentry","category-communication-dentreprise"],"yoast_head":"<!-- This site is optimized with the Yoast SEO plugin v27.4 - https:\/\/yoast.com\/product\/yoast-seo-wordpress\/ -->\n<title>AMG INFORMATIQUE s\u2019engage aux c\u00f4t\u00e9s du LYC\u00c9E GUSTAVE EIFFEL et de l\u2019association ACTION CONTRE LA FAIM - AMG INFORMATIQUE - Expert en Cybers\u00e9curit\u00e9 et Solutions informatiques en Bourgogne Franche-Comt\u00e9<\/title>\n<meta name=\"description\" content=\"Toutes les actualit\u00e9s d&#039;AMG INFORMATIQUE \u00e0 Dijon et au Creusot\" \/>\n<meta name=\"robots\" content=\"index, follow, max-snippet:-1, max-image-preview:large, max-video-preview:-1\" \/>\n<link rel=\"canonical\" href=\"https:\/\/www.amg-informatique.fr\/w2\/amg-informatique-sengage-aux-cotes-du-lycee-gustave-eiffel-et-de-lassociation-action-contre-la-faim\/\" \/>\n<meta property=\"og:locale\" content=\"fr_FR\" \/>\n<meta property=\"og:type\" content=\"article\" \/>\n<meta property=\"og:title\" content=\"AMG INFORMATIQUE s\u2019engage aux c\u00f4t\u00e9s du LYC\u00c9E GUSTAVE EIFFEL et de l\u2019association ACTION CONTRE LA FAIM - AMG INFORMATIQUE - Expert en Cybers\u00e9curit\u00e9 et Solutions informatiques en Bourgogne Franche-Comt\u00e9\" \/>\n<meta property=\"og:description\" content=\"Toutes les actualit\u00e9s d&#039;AMG INFORMATIQUE \u00e0 Dijon et au Creusot\" \/>\n<meta property=\"og:url\" content=\"https:\/\/www.amg-informatique.fr\/w2\/amg-informatique-sengage-aux-cotes-du-lycee-gustave-eiffel-et-de-lassociation-action-contre-la-faim\/\" \/>\n<meta property=\"og:site_name\" content=\"AMG INFORMATIQUE - Expert en Cybers\u00e9curit\u00e9 et Solutions informatiques en Bourgogne Franche-Comt\u00e9\" \/>\n<meta property=\"article:publisher\" content=\"https:\/\/www.facebook.com\/AMG.INFORMATIQUE\/\" \/>\n<meta property=\"article:published_time\" content=\"2016-05-02T09:00:14+00:00\" \/>\n<meta property=\"article:modified_time\" content=\"2016-05-02T09:05:15+00:00\" \/>\n<meta property=\"og:image\" content=\"https:\/\/www.amg-informatique.fr\/w2\/wp-content\/uploads\/action-contre-la-faim.jpg\" \/>\n\t<meta property=\"og:image:width\" content=\"1181\" \/>\n\t<meta property=\"og:image:height\" content=\"709\" \/>\n\t<meta property=\"og:image:type\" content=\"image\/jpeg\" \/>\n<meta name=\"author\" content=\"AMG INFORMATIQUE\" \/>\n<meta name=\"twitter:card\" content=\"summary_large_image\" \/>\n<meta name=\"twitter:creator\" content=\"@AMGINFORMATIQUE\" \/>\n<meta name=\"twitter:site\" content=\"@AMGINFORMATIQUE\" \/>\n<meta name=\"twitter:label1\" content=\"\u00c9crit par\" \/>\n\t<meta name=\"twitter:data1\" content=\"AMG INFORMATIQUE\" \/>\n\t<meta name=\"twitter:label2\" content=\"Dur\u00e9e de lecture estim\u00e9e\" \/>\n\t<meta name=\"twitter:data2\" content=\"1 minute\" \/>\n<script type=\"application\/ld+json\" class=\"yoast-schema-graph\">{\"@context\":\"https:\\\/\\\/schema.org\",\"@graph\":[{\"@type\":\"Article\",\"@id\":\"https:\\\/\\\/www.amg-informatique.fr\\\/w2\\\/amg-informatique-sengage-aux-cotes-du-lycee-gustave-eiffel-et-de-lassociation-action-contre-la-faim\\\/#article\",\"isPartOf\":{\"@id\":\"https:\\\/\\\/www.amg-informatique.fr\\\/w2\\\/amg-informatique-sengage-aux-cotes-du-lycee-gustave-eiffel-et-de-lassociation-action-contre-la-faim\\\/\"},\"author\":{\"name\":\"AMG INFORMATIQUE\",\"@id\":\"https:\\\/\\\/www.amg-informatique.fr\\\/w2\\\/#\\\/schema\\\/person\\\/abd28354df3fdad4a59d904d88579540\"},\"headline\":\"AMG INFORMATIQUE s\u2019engage aux c\u00f4t\u00e9s du LYC\u00c9E GUSTAVE EIFFEL et de l\u2019association ACTION CONTRE LA FAIM\",\"datePublished\":\"2016-05-02T09:00:14+00:00\",\"dateModified\":\"2016-05-02T09:05:15+00:00\",\"mainEntityOfPage\":{\"@id\":\"https:\\\/\\\/www.amg-informatique.fr\\\/w2\\\/amg-informatique-sengage-aux-cotes-du-lycee-gustave-eiffel-et-de-lassociation-action-contre-la-faim\\\/\"},\"wordCount\":288,\"publisher\":{\"@id\":\"https:\\\/\\\/www.amg-informatique.fr\\\/w2\\\/#organization\"},\"image\":{\"@id\":\"https:\\\/\\\/www.amg-informatique.fr\\\/w2\\\/amg-informatique-sengage-aux-cotes-du-lycee-gustave-eiffel-et-de-lassociation-action-contre-la-faim\\\/#primaryimage\"},\"thumbnailUrl\":\"https:\\\/\\\/www.amg-informatique.fr\\\/w2\\\/wp-content\\\/uploads\\\/action-contre-la-faim.jpg\",\"articleSection\":[\"Communication d'entreprise\"],\"inLanguage\":\"fr-FR\"},{\"@type\":\"WebPage\",\"@id\":\"https:\\\/\\\/www.amg-informatique.fr\\\/w2\\\/amg-informatique-sengage-aux-cotes-du-lycee-gustave-eiffel-et-de-lassociation-action-contre-la-faim\\\/\",\"url\":\"https:\\\/\\\/www.amg-informatique.fr\\\/w2\\\/amg-informatique-sengage-aux-cotes-du-lycee-gustave-eiffel-et-de-lassociation-action-contre-la-faim\\\/\",\"name\":\"AMG INFORMATIQUE s\u2019engage aux c\u00f4t\u00e9s du LYC\u00c9E GUSTAVE EIFFEL et de l\u2019association ACTION CONTRE LA FAIM - AMG INFORMATIQUE - Expert en Cybers\u00e9curit\u00e9 et Solutions informatiques en Bourgogne Franche-Comt\u00e9\",\"isPartOf\":{\"@id\":\"https:\\\/\\\/www.amg-informatique.fr\\\/w2\\\/#website\"},\"primaryImageOfPage\":{\"@id\":\"https:\\\/\\\/www.amg-informatique.fr\\\/w2\\\/amg-informatique-sengage-aux-cotes-du-lycee-gustave-eiffel-et-de-lassociation-action-contre-la-faim\\\/#primaryimage\"},\"image\":{\"@id\":\"https:\\\/\\\/www.amg-informatique.fr\\\/w2\\\/amg-informatique-sengage-aux-cotes-du-lycee-gustave-eiffel-et-de-lassociation-action-contre-la-faim\\\/#primaryimage\"},\"thumbnailUrl\":\"https:\\\/\\\/www.amg-informatique.fr\\\/w2\\\/wp-content\\\/uploads\\\/action-contre-la-faim.jpg\",\"datePublished\":\"2016-05-02T09:00:14+00:00\",\"dateModified\":\"2016-05-02T09:05:15+00:00\",\"description\":\"Toutes les actualit\u00e9s d'AMG INFORMATIQUE \u00e0 Dijon et au Creusot\",\"breadcrumb\":{\"@id\":\"https:\\\/\\\/www.amg-informatique.fr\\\/w2\\\/amg-informatique-sengage-aux-cotes-du-lycee-gustave-eiffel-et-de-lassociation-action-contre-la-faim\\\/#breadcrumb\"},\"inLanguage\":\"fr-FR\",\"potentialAction\":[{\"@type\":\"ReadAction\",\"target\":[\"https:\\\/\\\/www.amg-informatique.fr\\\/w2\\\/amg-informatique-sengage-aux-cotes-du-lycee-gustave-eiffel-et-de-lassociation-action-contre-la-faim\\\/\"]}]},{\"@type\":\"ImageObject\",\"inLanguage\":\"fr-FR\",\"@id\":\"https:\\\/\\\/www.amg-informatique.fr\\\/w2\\\/amg-informatique-sengage-aux-cotes-du-lycee-gustave-eiffel-et-de-lassociation-action-contre-la-faim\\\/#primaryimage\",\"url\":\"https:\\\/\\\/www.amg-informatique.fr\\\/w2\\\/wp-content\\\/uploads\\\/action-contre-la-faim.jpg\",\"contentUrl\":\"https:\\\/\\\/www.amg-informatique.fr\\\/w2\\\/wp-content\\\/uploads\\\/action-contre-la-faim.jpg\",\"width\":1181,\"height\":709},{\"@type\":\"BreadcrumbList\",\"@id\":\"https:\\\/\\\/www.amg-informatique.fr\\\/w2\\\/amg-informatique-sengage-aux-cotes-du-lycee-gustave-eiffel-et-de-lassociation-action-contre-la-faim\\\/#breadcrumb\",\"itemListElement\":[{\"@type\":\"ListItem\",\"position\":1,\"name\":\"Accueil\",\"item\":\"https:\\\/\\\/www.amg-informatique.fr\\\/w2\\\/\"},{\"@type\":\"ListItem\",\"position\":2,\"name\":\"AMG INFORMATIQUE s\u2019engage aux c\u00f4t\u00e9s du LYC\u00c9E GUSTAVE EIFFEL et de l\u2019association ACTION CONTRE LA FAIM\"}]},{\"@type\":\"WebSite\",\"@id\":\"https:\\\/\\\/www.amg-informatique.fr\\\/w2\\\/#website\",\"url\":\"https:\\\/\\\/www.amg-informatique.fr\\\/w2\\\/\",\"name\":\"AMG INFORMATIQUE - Cybers\u00e9curit\u00e9\",\"description\":\"Cybers\u00e9curit\u00e9 et Solutions informatiques pour les professionnels \u00e0 Dijon (21) et au Creusot (71)\",\"publisher\":{\"@id\":\"https:\\\/\\\/www.amg-informatique.fr\\\/w2\\\/#organization\"},\"potentialAction\":[{\"@type\":\"SearchAction\",\"target\":{\"@type\":\"EntryPoint\",\"urlTemplate\":\"https:\\\/\\\/www.amg-informatique.fr\\\/w2\\\/?s={search_term_string}\"},\"query-input\":{\"@type\":\"PropertyValueSpecification\",\"valueRequired\":true,\"valueName\":\"search_term_string\"}}],\"inLanguage\":\"fr-FR\"},{\"@type\":\"Organization\",\"@id\":\"https:\\\/\\\/www.amg-informatique.fr\\\/w2\\\/#organization\",\"name\":\"AMG INFORMATIQUE - Expert Cybers\u00e9curit\u00e9 Bourgogne Franche-Comt\u00e9\",\"url\":\"https:\\\/\\\/www.amg-informatique.fr\\\/w2\\\/\",\"logo\":{\"@type\":\"ImageObject\",\"inLanguage\":\"fr-FR\",\"@id\":\"https:\\\/\\\/www.amg-informatique.fr\\\/w2\\\/#\\\/schema\\\/logo\\\/image\\\/\",\"url\":\"https:\\\/\\\/www.amg-informatique.fr\\\/w2\\\/wp-content\\\/uploads\\\/logoAMG-1.jpg\",\"contentUrl\":\"https:\\\/\\\/www.amg-informatique.fr\\\/w2\\\/wp-content\\\/uploads\\\/logoAMG-1.jpg\",\"width\":2139,\"height\":747,\"caption\":\"AMG INFORMATIQUE - Expert Cybers\u00e9curit\u00e9 Bourgogne Franche-Comt\u00e9\"},\"image\":{\"@id\":\"https:\\\/\\\/www.amg-informatique.fr\\\/w2\\\/#\\\/schema\\\/logo\\\/image\\\/\"},\"sameAs\":[\"https:\\\/\\\/www.facebook.com\\\/AMG.INFORMATIQUE\\\/\",\"https:\\\/\\\/x.com\\\/AMGINFORMATIQUE\",\"https:\\\/\\\/www.linkedin.com\\\/company\\\/amg-informatique\\\/\"]},{\"@type\":\"Person\",\"@id\":\"https:\\\/\\\/www.amg-informatique.fr\\\/w2\\\/#\\\/schema\\\/person\\\/abd28354df3fdad4a59d904d88579540\",\"name\":\"AMG INFORMATIQUE\",\"image\":{\"@type\":\"ImageObject\",\"inLanguage\":\"fr-FR\",\"@id\":\"https:\\\/\\\/secure.gravatar.com\\\/avatar\\\/a038a337a9e93bb21b11baf3f3f7e46de3a269dc6a2c84e5b8154ce875ce8fe8?s=96&d=mm&r=g\",\"url\":\"https:\\\/\\\/secure.gravatar.com\\\/avatar\\\/a038a337a9e93bb21b11baf3f3f7e46de3a269dc6a2c84e5b8154ce875ce8fe8?s=96&d=mm&r=g\",\"contentUrl\":\"https:\\\/\\\/secure.gravatar.com\\\/avatar\\\/a038a337a9e93bb21b11baf3f3f7e46de3a269dc6a2c84e5b8154ce875ce8fe8?s=96&d=mm&r=g\",\"caption\":\"AMG INFORMATIQUE\"},\"url\":\"https:\\\/\\\/www.amg-informatique.fr\\\/w2\\\/author\\\/amg-informatique\\\/\"}]}<\/script>\n<!-- \/ Yoast SEO plugin. -->","yoast_head_json":{"title":"AMG INFORMATIQUE s\u2019engage aux c\u00f4t\u00e9s du LYC\u00c9E GUSTAVE EIFFEL et de l\u2019association ACTION CONTRE LA FAIM - AMG INFORMATIQUE - Expert en Cybers\u00e9curit\u00e9 et Solutions informatiques en Bourgogne Franche-Comt\u00e9","description":"Toutes les actualit\u00e9s d'AMG INFORMATIQUE \u00e0 Dijon et au Creusot","robots":{"index":"index","follow":"follow","max-snippet":"max-snippet:-1","max-image-preview":"max-image-preview:large","max-video-preview":"max-video-preview:-1"},"canonical":"https:\/\/www.amg-informatique.fr\/w2\/amg-informatique-sengage-aux-cotes-du-lycee-gustave-eiffel-et-de-lassociation-action-contre-la-faim\/","og_locale":"fr_FR","og_type":"article","og_title":"AMG INFORMATIQUE s\u2019engage aux c\u00f4t\u00e9s du LYC\u00c9E GUSTAVE EIFFEL et de l\u2019association ACTION CONTRE LA FAIM - AMG INFORMATIQUE - Expert en Cybers\u00e9curit\u00e9 et Solutions informatiques en Bourgogne Franche-Comt\u00e9","og_description":"Toutes les actualit\u00e9s d'AMG INFORMATIQUE \u00e0 Dijon et au Creusot","og_url":"https:\/\/www.amg-informatique.fr\/w2\/amg-informatique-sengage-aux-cotes-du-lycee-gustave-eiffel-et-de-lassociation-action-contre-la-faim\/","og_site_name":"AMG INFORMATIQUE - Expert en Cybers\u00e9curit\u00e9 et Solutions informatiques en Bourgogne Franche-Comt\u00e9","article_publisher":"https:\/\/www.facebook.com\/AMG.INFORMATIQUE\/","article_published_time":"2016-05-02T09:00:14+00:00","article_modified_time":"2016-05-02T09:05:15+00:00","og_image":[{"width":1181,"height":709,"url":"https:\/\/www.amg-informatique.fr\/w2\/wp-content\/uploads\/action-contre-la-faim.jpg","type":"image\/jpeg"}],"author":"AMG INFORMATIQUE","twitter_card":"summary_large_image","twitter_creator":"@AMGINFORMATIQUE","twitter_site":"@AMGINFORMATIQUE","twitter_misc":{"\u00c9crit par":"AMG INFORMATIQUE","Dur\u00e9e de lecture estim\u00e9e":"1 minute"},"schema":{"@context":"https:\/\/schema.org","@graph":[{"@type":"Article","@id":"https:\/\/www.amg-informatique.fr\/w2\/amg-informatique-sengage-aux-cotes-du-lycee-gustave-eiffel-et-de-lassociation-action-contre-la-faim\/#article","isPartOf":{"@id":"https:\/\/www.amg-informatique.fr\/w2\/amg-informatique-sengage-aux-cotes-du-lycee-gustave-eiffel-et-de-lassociation-action-contre-la-faim\/"},"author":{"name":"AMG INFORMATIQUE","@id":"https:\/\/www.amg-informatique.fr\/w2\/#\/schema\/person\/abd28354df3fdad4a59d904d88579540"},"headline":"AMG INFORMATIQUE s\u2019engage aux c\u00f4t\u00e9s du LYC\u00c9E GUSTAVE EIFFEL et de l\u2019association ACTION CONTRE LA FAIM","datePublished":"2016-05-02T09:00:14+00:00","dateModified":"2016-05-02T09:05:15+00:00","mainEntityOfPage":{"@id":"https:\/\/www.amg-informatique.fr\/w2\/amg-informatique-sengage-aux-cotes-du-lycee-gustave-eiffel-et-de-lassociation-action-contre-la-faim\/"},"wordCount":288,"publisher":{"@id":"https:\/\/www.amg-informatique.fr\/w2\/#organization"},"image":{"@id":"https:\/\/www.amg-informatique.fr\/w2\/amg-informatique-sengage-aux-cotes-du-lycee-gustave-eiffel-et-de-lassociation-action-contre-la-faim\/#primaryimage"},"thumbnailUrl":"https:\/\/www.amg-informatique.fr\/w2\/wp-content\/uploads\/action-contre-la-faim.jpg","articleSection":["Communication d'entreprise"],"inLanguage":"fr-FR"},{"@type":"WebPage","@id":"https:\/\/www.amg-informatique.fr\/w2\/amg-informatique-sengage-aux-cotes-du-lycee-gustave-eiffel-et-de-lassociation-action-contre-la-faim\/","url":"https:\/\/www.amg-informatique.fr\/w2\/amg-informatique-sengage-aux-cotes-du-lycee-gustave-eiffel-et-de-lassociation-action-contre-la-faim\/","name":"AMG INFORMATIQUE s\u2019engage aux c\u00f4t\u00e9s du LYC\u00c9E GUSTAVE EIFFEL et de l\u2019association ACTION CONTRE LA FAIM - AMG INFORMATIQUE - Expert en Cybers\u00e9curit\u00e9 et Solutions informatiques en Bourgogne Franche-Comt\u00e9","isPartOf":{"@id":"https:\/\/www.amg-informatique.fr\/w2\/#website"},"primaryImageOfPage":{"@id":"https:\/\/www.amg-informatique.fr\/w2\/amg-informatique-sengage-aux-cotes-du-lycee-gustave-eiffel-et-de-lassociation-action-contre-la-faim\/#primaryimage"},"image":{"@id":"https:\/\/www.amg-informatique.fr\/w2\/amg-informatique-sengage-aux-cotes-du-lycee-gustave-eiffel-et-de-lassociation-action-contre-la-faim\/#primaryimage"},"thumbnailUrl":"https:\/\/www.amg-informatique.fr\/w2\/wp-content\/uploads\/action-contre-la-faim.jpg","datePublished":"2016-05-02T09:00:14+00:00","dateModified":"2016-05-02T09:05:15+00:00","description":"Toutes les actualit\u00e9s d'AMG INFORMATIQUE \u00e0 Dijon et au Creusot","breadcrumb":{"@id":"https:\/\/www.amg-informatique.fr\/w2\/amg-informatique-sengage-aux-cotes-du-lycee-gustave-eiffel-et-de-lassociation-action-contre-la-faim\/#breadcrumb"},"inLanguage":"fr-FR","potentialAction":[{"@type":"ReadAction","target":["https:\/\/www.amg-informatique.fr\/w2\/amg-informatique-sengage-aux-cotes-du-lycee-gustave-eiffel-et-de-lassociation-action-contre-la-faim\/"]}]},{"@type":"ImageObject","inLanguage":"fr-FR","@id":"https:\/\/www.amg-informatique.fr\/w2\/amg-informatique-sengage-aux-cotes-du-lycee-gustave-eiffel-et-de-lassociation-action-contre-la-faim\/#primaryimage","url":"https:\/\/www.amg-informatique.fr\/w2\/wp-content\/uploads\/action-contre-la-faim.jpg","contentUrl":"https:\/\/www.amg-informatique.fr\/w2\/wp-content\/uploads\/action-contre-la-faim.jpg","width":1181,"height":709},{"@type":"BreadcrumbList","@id":"https:\/\/www.amg-informatique.fr\/w2\/amg-informatique-sengage-aux-cotes-du-lycee-gustave-eiffel-et-de-lassociation-action-contre-la-faim\/#breadcrumb","itemListElement":[{"@type":"ListItem","position":1,"name":"Accueil","item":"https:\/\/www.amg-informatique.fr\/w2\/"},{"@type":"ListItem","position":2,"name":"AMG INFORMATIQUE s\u2019engage aux c\u00f4t\u00e9s du LYC\u00c9E GUSTAVE EIFFEL et de l\u2019association ACTION CONTRE LA FAIM"}]},{"@type":"WebSite","@id":"https:\/\/www.amg-informatique.fr\/w2\/#website","url":"https:\/\/www.amg-informatique.fr\/w2\/","name":"AMG INFORMATIQUE - Cybers\u00e9curit\u00e9","description":"Cybers\u00e9curit\u00e9 et Solutions informatiques pour les professionnels \u00e0 Dijon (21) et au Creusot (71)","publisher":{"@id":"https:\/\/www.amg-informatique.fr\/w2\/#organization"},"potentialAction":[{"@type":"SearchAction","target":{"@type":"EntryPoint","urlTemplate":"https:\/\/www.amg-informatique.fr\/w2\/?s={search_term_string}"},"query-input":{"@type":"PropertyValueSpecification","valueRequired":true,"valueName":"search_term_string"}}],"inLanguage":"fr-FR"},{"@type":"Organization","@id":"https:\/\/www.amg-informatique.fr\/w2\/#organization","name":"AMG INFORMATIQUE - Expert Cybers\u00e9curit\u00e9 Bourgogne Franche-Comt\u00e9","url":"https:\/\/www.amg-informatique.fr\/w2\/","logo":{"@type":"ImageObject","inLanguage":"fr-FR","@id":"https:\/\/www.amg-informatique.fr\/w2\/#\/schema\/logo\/image\/","url":"https:\/\/www.amg-informatique.fr\/w2\/wp-content\/uploads\/logoAMG-1.jpg","contentUrl":"https:\/\/www.amg-informatique.fr\/w2\/wp-content\/uploads\/logoAMG-1.jpg","width":2139,"height":747,"caption":"AMG INFORMATIQUE - Expert Cybers\u00e9curit\u00e9 Bourgogne Franche-Comt\u00e9"},"image":{"@id":"https:\/\/www.amg-informatique.fr\/w2\/#\/schema\/logo\/image\/"},"sameAs":["https:\/\/www.facebook.com\/AMG.INFORMATIQUE\/","https:\/\/x.com\/AMGINFORMATIQUE","https:\/\/www.linkedin.com\/company\/amg-informatique\/"]},{"@type":"Person","@id":"https:\/\/www.amg-informatique.fr\/w2\/#\/schema\/person\/abd28354df3fdad4a59d904d88579540","name":"AMG INFORMATIQUE","image":{"@type":"ImageObject","inLanguage":"fr-FR","@id":"https:\/\/secure.gravatar.com\/avatar\/a038a337a9e93bb21b11baf3f3f7e46de3a269dc6a2c84e5b8154ce875ce8fe8?s=96&d=mm&r=g","url":"https:\/\/secure.gravatar.com\/avatar\/a038a337a9e93bb21b11baf3f3f7e46de3a269dc6a2c84e5b8154ce875ce8fe8?s=96&d=mm&r=g","contentUrl":"https:\/\/secure.gravatar.com\/avatar\/a038a337a9e93bb21b11baf3f3f7e46de3a269dc6a2c84e5b8154ce875ce8fe8?s=96&d=mm&r=g","caption":"AMG INFORMATIQUE"},"url":"https:\/\/www.amg-informatique.fr\/w2\/author\/amg-informatique\/"}]}},"_links":{"self":[{"href":"https:\/\/www.amg-informatique.fr\/w2\/wp-json\/wp\/v2\/posts\/3096","targetHints":{"allow":["GET"]}}],"collection":[{"href":"https:\/\/www.amg-informatique.fr\/w2\/wp-json\/wp\/v2\/posts"}],"about":[{"href":"https:\/\/www.amg-informatique.fr\/w2\/wp-json\/wp\/v2\/types\/post"}],"author":[{"embeddable":true,"href":"https:\/\/www.amg-informatique.fr\/w2\/wp-json\/wp\/v2\/users\/7"}],"replies":[{"embeddable":true,"href":"https:\/\/www.amg-informatique.fr\/w2\/wp-json\/wp\/v2\/comments?post=3096"}],"version-history":[{"count":1,"href":"https:\/\/www.amg-informatique.fr\/w2\/wp-json\/wp\/v2\/posts\/3096\/revisions"}],"predecessor-version":[{"id":3098,"href":"https:\/\/www.amg-informatique.fr\/w2\/wp-json\/wp\/v2\/posts\/3096\/revisions\/3098"}],"wp:featuredmedia":[{"embeddable":true,"href":"https:\/\/www.amg-informatique.fr\/w2\/wp-json\/wp\/v2\/media\/3097"}],"wp:attachment":[{"href":"https:\/\/www.amg-informatique.fr\/w2\/wp-json\/wp\/v2\/media?parent=3096"}],"wp:term":[{"taxonomy":"category","embeddable":true,"href":"https:\/\/www.amg-informatique.fr\/w2\/wp-json\/wp\/v2\/categories?post=3096"},{"taxonomy":"post_tag","embeddable":true,"href":"https:\/\/www.amg-informatique.fr\/w2\/wp-json\/wp\/v2\/tags?post=3096"}],"curies":[{"name":"wp","href":"https:\/\/api.w.org\/{rel}","templated":true}]}}