{"id":2710,"date":"2015-11-03T10:27:20","date_gmt":"2015-11-03T09:27:20","guid":{"rendered":"http:\/\/amg-informatique.fr\/w2\/?p=2710"},"modified":"2016-02-25T11:57:50","modified_gmt":"2016-02-25T10:57:50","slug":"matinee-securite-sophos-le-jeudi-26-novembre-a-dijon","status":"publish","type":"post","link":"https:\/\/www.amg-informatique.fr\/w2\/matinee-securite-sophos-le-jeudi-26-novembre-a-dijon\/","title":{"rendered":"Matin\u00e9e S\u00e9curit\u00e9 SOPHOS le jeudi 26 novembre \u00e0 Dijon"},"content":{"rendered":"<p><img decoding=\"async\" class=\"lazyload aligncenter size-full wp-image-2608\" src=\"http:\/\/amg-informatique.fr\/w2\/wp-content\/uploads\/small-banniere-sophos5.jpg\" data-orig-src=\"http:\/\/amg-informatique.fr\/w2\/wp-content\/uploads\/small-banniere-sophos5.jpg\" alt=\"small-banniere-sophos5\" width=\"1169\" height=\"327\" srcset=\"data:image\/svg+xml,%3Csvg%20xmlns%3D%27http%3A%2F%2Fwww.w3.org%2F2000%2Fsvg%27%20width%3D%271169%27%20height%3D%27327%27%20viewBox%3D%270%200%201169%20327%27%3E%3Crect%20width%3D%271169%27%20height%3D%27327%27%20fill-opacity%3D%220%22%2F%3E%3C%2Fsvg%3E\" data-srcset=\"https:\/\/www.amg-informatique.fr\/w2\/wp-content\/uploads\/small-banniere-sophos5-239x67.jpg 239w, https:\/\/www.amg-informatique.fr\/w2\/wp-content\/uploads\/small-banniere-sophos5-300x84.jpg 300w, https:\/\/www.amg-informatique.fr\/w2\/wp-content\/uploads\/small-banniere-sophos5-320x90.jpg 320w, https:\/\/www.amg-informatique.fr\/w2\/wp-content\/uploads\/small-banniere-sophos5-636x178.jpg 636w, https:\/\/www.amg-informatique.fr\/w2\/wp-content\/uploads\/small-banniere-sophos5-968x271.jpg 968w, https:\/\/www.amg-informatique.fr\/w2\/wp-content\/uploads\/small-banniere-sophos5-1024x286.jpg 1024w, https:\/\/www.amg-informatique.fr\/w2\/wp-content\/uploads\/small-banniere-sophos5.jpg 1169w\" data-sizes=\"auto\" data-orig-sizes=\"(max-width: 1169px) 100vw, 1169px\" \/><br \/>\nAMG INFORMATIQUE a le plaisir de vous inviter \u00e0 une <strong>MATIN\u00c9E S\u00c9CURIT\u00c9 INFORMATIQUE<\/strong> en pr\u00e9sence de l\u2019\u00e9diteur SOPHOS qui aura lieu le <strong>JEUDI 26 NOVEMBRE 2015 \u00e0 partir de 9h30 dans les locaux d\u2019AMG<\/strong> situ\u00e9s au 7 avenue de la D\u00e9couverte \u00e0 Dijon.<\/p>\n<h3>PROGRAMME<\/h3>\n<p><span style=\"color: #00ccff;\"><strong>9h30 : ACCUEIL \/ PETIT-D\u00c9JEUNER<\/strong><\/span><br \/>\n<span style=\"color: #00ccff;\"><strong> 10h00 : D\u00c9BUT DE LA PR\u00c9SENTATION<\/strong><\/span><br \/>\n<strong> &gt; \u00c9TAT DES LIEUX SUR LES NOUVELLES MENACES :<\/strong><br \/>\nComment se prot\u00e9ger de ces menaces ? Quelles solutions pour mon entreprise ? (30 min)<br \/>\n<strong>&gt; UTILISATEURS NOMADES, SMARTPHONES ET PC PORTABLES :<\/strong><br \/>\nQuelles sont les menaces \u00e0 la mobilit\u00e9 ? Comment y faire face ? (20 min)<br \/>\n<strong>&gt; CRYPTAGE ET S\u00c9CURISATION DE DONN\u00c9ES, LES NOUVELLES DIRECTIVES EUROP\u00c9ENNES :<\/strong><br \/>\nQui est concern\u00e9 ? Comment se mettre en conformit\u00e9 ? (20 min)<br \/>\n<strong>&gt; WIFI EN ENTREPRISE :<\/strong><br \/>\nComment s\u00e9curiser mes r\u00e9seaux WiFi internes et \u00ab invit\u00e9s\u00bb ? (20 min)<br \/>\n<span style=\"color: #00ccff;\"><strong>11h30 : QUESTIONS\/R\u00c9PONSES<\/strong><\/span><br \/>\n<span style=\"color: #00ccff;\"><strong> 11h40 : COCKTAIL D\u00c9JEUNATOIRE, TIRAGE AU SORT ET REMISE DES LOTS.<\/strong><\/span><\/p>\n<p>&nbsp;<\/p>\n<p style=\"text-align: center;\"><strong><a href=\"http:\/\/amg-informatique.fr\/w2\/inscription-matinee-securite-sophos.html%20\" target=\"_blank\"><img decoding=\"async\" src=\"data:image\/svg+xml,%3Csvg%20xmlns%3D%27http%3A%2F%2Fwww.w3.org%2F2000%2Fsvg%27%20width%3D%27208%27%20height%3D%2755%27%20viewBox%3D%270%200%20208%2055%27%3E%3Crect%20width%3D%27208%27%20height%3D%2755%27%20fill-opacity%3D%220%22%2F%3E%3C%2Fsvg%3E\" data-orig-src=\"http:\/\/amg-informatique.fr\/w2\/wp-content\/uploads\/bt-inscription.png\" alt=\"bt-inscription\" width=\"208\" height=\"55\" class=\"lazyload aligncenter size-full wp-image-2604\" \/><\/a><\/strong><br \/>\nAttention, les places sont limit\u00e9es.<br \/>\nPour plus de renseignements sur cet \u00e9v\u00e9nement, contactez-nous au 03 80 74 24 44.<\/p>\n<p>&nbsp;<\/p>\n<h3>A propos de SOPHOS<\/h3>\n<p><em>Plus de 100 millions d\u2019utilisateurs dans 150 pays ont retenu Sophos comme la meilleure d\u00e9fense du march\u00e9 contre les menaces complexes et les risques de pertes de donn\u00e9es. R\u00e9guli\u00e8rement prim\u00e9es, ses solutions int\u00e9gr\u00e9es de s\u00e9curit\u00e9, et de protection des informations et des r\u00e9seaux sont simples \u00e0 d\u00e9ployer, \u00e0 administrer et \u00e0 utiliser, offrant ainsi le co\u00fbt global de possession le plus avantageux du march\u00e9.<\/em><br \/>\n<em>Elles permettent le chiffrement, la protection des syst\u00e8mes d\u2019extr\u00e9mit\u00e9, la s\u00e9curisation du Web, de la messagerie et des r\u00e9seaux, avec le support permanent des SophosLabs, le r\u00e9seau mondial de centres d\u2019analyse des menaces de Sophos.<\/em><br \/>\n<em>Fort d\u2019une exp\u00e9rience de plus de vingt sept ans en mati\u00e8re de s\u00e9curit\u00e9 et de protection de donn\u00e9es, Sophos est reconnu par les plus grandes firmes d\u2019analystes comme \u00e9tant l\u2019une des figures de proue du march\u00e9 et s\u2019est vu d\u00e9cerner de nombreuses r\u00e9compenses. Les si\u00e8ges sociaux de Sophos se trouvent \u00e0 Boston (\u00c9tats-Unis) et \u00e0 Oxford (Royaume-Uni).<\/em><\/p>\n","protected":false},"excerpt":{"rendered":"<p>AMG INFORMATIQUE a le plaisir de vous inviter \u00e0 une MATIN\u00c9E S\u00c9CURIT\u00c9 INFORMATIQUE en pr\u00e9sence de l\u2019\u00e9diteur SOPHOS qui aura lieu le JEUDI 26 NOVEMBRE 2015 \u00e0 partir de 9h30 dans les locaux d\u2019AMG situ\u00e9s au 7 avenue de la D\u00e9couverte \u00e0 Dijon. PROGRAMME 9h30 : ACCUEIL \/ PETIT-D\u00c9JEUNER 10h00 : D\u00c9BUT DE LA PR\u00c9SENTATION  [&#8230;]<\/p>\n","protected":false},"author":7,"featured_media":2603,"comment_status":"closed","ping_status":"closed","sticky":false,"template":"","format":"standard","meta":{"footnotes":""},"categories":[73],"tags":[],"class_list":["post-2710","post","type-post","status-publish","format-standard","has-post-thumbnail","hentry","category-materiel-informatique"],"yoast_head":"<!-- This site is optimized with the Yoast SEO plugin v27.5 - https:\/\/yoast.com\/product\/yoast-seo-wordpress\/ -->\n<title>Matin\u00e9e S\u00e9curit\u00e9 SOPHOS le jeudi 26 novembre \u00e0 Dijon - AMG INFORMATIQUE - Expert en Cybers\u00e9curit\u00e9 et Solutions informatiques en Bourgogne Franche-Comt\u00e9<\/title>\n<meta name=\"description\" content=\"Toutes les actualit\u00e9s d&#039;AMG INFORMATIQUE \u00e0 Dijon et au Creusot\" \/>\n<meta name=\"robots\" content=\"index, follow, max-snippet:-1, max-image-preview:large, max-video-preview:-1\" \/>\n<link rel=\"canonical\" href=\"https:\/\/www.amg-informatique.fr\/w2\/matinee-securite-sophos-le-jeudi-26-novembre-a-dijon\/\" \/>\n<meta property=\"og:locale\" content=\"fr_FR\" \/>\n<meta property=\"og:type\" content=\"article\" \/>\n<meta property=\"og:title\" content=\"Matin\u00e9e S\u00e9curit\u00e9 SOPHOS le jeudi 26 novembre \u00e0 Dijon - AMG INFORMATIQUE - Expert en Cybers\u00e9curit\u00e9 et Solutions informatiques en Bourgogne Franche-Comt\u00e9\" \/>\n<meta property=\"og:description\" content=\"Toutes les actualit\u00e9s d&#039;AMG INFORMATIQUE \u00e0 Dijon et au Creusot\" \/>\n<meta property=\"og:url\" content=\"https:\/\/www.amg-informatique.fr\/w2\/matinee-securite-sophos-le-jeudi-26-novembre-a-dijon\/\" \/>\n<meta property=\"og:site_name\" content=\"AMG INFORMATIQUE - Expert en Cybers\u00e9curit\u00e9 et Solutions informatiques en Bourgogne Franche-Comt\u00e9\" \/>\n<meta property=\"article:publisher\" content=\"https:\/\/www.facebook.com\/AMG.INFORMATIQUE\/\" \/>\n<meta property=\"article:published_time\" content=\"2015-11-03T09:27:20+00:00\" \/>\n<meta property=\"article:modified_time\" content=\"2016-02-25T10:57:50+00:00\" \/>\n<meta property=\"og:image\" content=\"https:\/\/www.amg-informatique.fr\/w2\/wp-content\/uploads\/visuel-sophos3.jpg\" \/>\n\t<meta property=\"og:image:width\" content=\"723\" \/>\n\t<meta property=\"og:image:height\" content=\"343\" \/>\n\t<meta property=\"og:image:type\" content=\"image\/jpeg\" \/>\n<meta name=\"author\" content=\"AMG INFORMATIQUE\" \/>\n<meta name=\"twitter:card\" content=\"summary_large_image\" \/>\n<meta name=\"twitter:creator\" content=\"@AMGINFORMATIQUE\" \/>\n<meta name=\"twitter:site\" content=\"@AMGINFORMATIQUE\" \/>\n<meta name=\"twitter:label1\" content=\"\u00c9crit par\" \/>\n\t<meta name=\"twitter:data1\" content=\"AMG INFORMATIQUE\" \/>\n\t<meta name=\"twitter:label2\" content=\"Dur\u00e9e de lecture estim\u00e9e\" \/>\n\t<meta name=\"twitter:data2\" content=\"2 minutes\" \/>\n<script type=\"application\/ld+json\" class=\"yoast-schema-graph\">{\"@context\":\"https:\\\/\\\/schema.org\",\"@graph\":[{\"@type\":\"Article\",\"@id\":\"https:\\\/\\\/www.amg-informatique.fr\\\/w2\\\/matinee-securite-sophos-le-jeudi-26-novembre-a-dijon\\\/#article\",\"isPartOf\":{\"@id\":\"https:\\\/\\\/www.amg-informatique.fr\\\/w2\\\/matinee-securite-sophos-le-jeudi-26-novembre-a-dijon\\\/\"},\"author\":{\"name\":\"AMG INFORMATIQUE\",\"@id\":\"https:\\\/\\\/www.amg-informatique.fr\\\/w2\\\/#\\\/schema\\\/person\\\/abd28354df3fdad4a59d904d88579540\"},\"headline\":\"Matin\u00e9e S\u00e9curit\u00e9 SOPHOS le jeudi 26 novembre \u00e0 Dijon\",\"datePublished\":\"2015-11-03T09:27:20+00:00\",\"dateModified\":\"2016-02-25T10:57:50+00:00\",\"mainEntityOfPage\":{\"@id\":\"https:\\\/\\\/www.amg-informatique.fr\\\/w2\\\/matinee-securite-sophos-le-jeudi-26-novembre-a-dijon\\\/\"},\"wordCount\":358,\"publisher\":{\"@id\":\"https:\\\/\\\/www.amg-informatique.fr\\\/w2\\\/#organization\"},\"image\":{\"@id\":\"https:\\\/\\\/www.amg-informatique.fr\\\/w2\\\/matinee-securite-sophos-le-jeudi-26-novembre-a-dijon\\\/#primaryimage\"},\"thumbnailUrl\":\"https:\\\/\\\/www.amg-informatique.fr\\\/w2\\\/wp-content\\\/uploads\\\/visuel-sophos3.jpg\",\"articleSection\":[\"Mat\u00e9riel informatique\"],\"inLanguage\":\"fr-FR\"},{\"@type\":\"WebPage\",\"@id\":\"https:\\\/\\\/www.amg-informatique.fr\\\/w2\\\/matinee-securite-sophos-le-jeudi-26-novembre-a-dijon\\\/\",\"url\":\"https:\\\/\\\/www.amg-informatique.fr\\\/w2\\\/matinee-securite-sophos-le-jeudi-26-novembre-a-dijon\\\/\",\"name\":\"Matin\u00e9e S\u00e9curit\u00e9 SOPHOS le jeudi 26 novembre \u00e0 Dijon - AMG INFORMATIQUE - Expert en Cybers\u00e9curit\u00e9 et Solutions informatiques en Bourgogne Franche-Comt\u00e9\",\"isPartOf\":{\"@id\":\"https:\\\/\\\/www.amg-informatique.fr\\\/w2\\\/#website\"},\"primaryImageOfPage\":{\"@id\":\"https:\\\/\\\/www.amg-informatique.fr\\\/w2\\\/matinee-securite-sophos-le-jeudi-26-novembre-a-dijon\\\/#primaryimage\"},\"image\":{\"@id\":\"https:\\\/\\\/www.amg-informatique.fr\\\/w2\\\/matinee-securite-sophos-le-jeudi-26-novembre-a-dijon\\\/#primaryimage\"},\"thumbnailUrl\":\"https:\\\/\\\/www.amg-informatique.fr\\\/w2\\\/wp-content\\\/uploads\\\/visuel-sophos3.jpg\",\"datePublished\":\"2015-11-03T09:27:20+00:00\",\"dateModified\":\"2016-02-25T10:57:50+00:00\",\"description\":\"Toutes les actualit\u00e9s d'AMG INFORMATIQUE \u00e0 Dijon et au Creusot\",\"breadcrumb\":{\"@id\":\"https:\\\/\\\/www.amg-informatique.fr\\\/w2\\\/matinee-securite-sophos-le-jeudi-26-novembre-a-dijon\\\/#breadcrumb\"},\"inLanguage\":\"fr-FR\",\"potentialAction\":[{\"@type\":\"ReadAction\",\"target\":[\"https:\\\/\\\/www.amg-informatique.fr\\\/w2\\\/matinee-securite-sophos-le-jeudi-26-novembre-a-dijon\\\/\"]}]},{\"@type\":\"ImageObject\",\"inLanguage\":\"fr-FR\",\"@id\":\"https:\\\/\\\/www.amg-informatique.fr\\\/w2\\\/matinee-securite-sophos-le-jeudi-26-novembre-a-dijon\\\/#primaryimage\",\"url\":\"https:\\\/\\\/www.amg-informatique.fr\\\/w2\\\/wp-content\\\/uploads\\\/visuel-sophos3.jpg\",\"contentUrl\":\"https:\\\/\\\/www.amg-informatique.fr\\\/w2\\\/wp-content\\\/uploads\\\/visuel-sophos3.jpg\",\"width\":723,\"height\":343},{\"@type\":\"BreadcrumbList\",\"@id\":\"https:\\\/\\\/www.amg-informatique.fr\\\/w2\\\/matinee-securite-sophos-le-jeudi-26-novembre-a-dijon\\\/#breadcrumb\",\"itemListElement\":[{\"@type\":\"ListItem\",\"position\":1,\"name\":\"Accueil\",\"item\":\"https:\\\/\\\/www.amg-informatique.fr\\\/w2\\\/\"},{\"@type\":\"ListItem\",\"position\":2,\"name\":\"Matin\u00e9e S\u00e9curit\u00e9 SOPHOS le jeudi 26 novembre \u00e0 Dijon\"}]},{\"@type\":\"WebSite\",\"@id\":\"https:\\\/\\\/www.amg-informatique.fr\\\/w2\\\/#website\",\"url\":\"https:\\\/\\\/www.amg-informatique.fr\\\/w2\\\/\",\"name\":\"AMG INFORMATIQUE - Cybers\u00e9curit\u00e9\",\"description\":\"Cybers\u00e9curit\u00e9 et Solutions informatiques pour les professionnels \u00e0 Dijon (21) et au Creusot (71)\",\"publisher\":{\"@id\":\"https:\\\/\\\/www.amg-informatique.fr\\\/w2\\\/#organization\"},\"potentialAction\":[{\"@type\":\"SearchAction\",\"target\":{\"@type\":\"EntryPoint\",\"urlTemplate\":\"https:\\\/\\\/www.amg-informatique.fr\\\/w2\\\/?s={search_term_string}\"},\"query-input\":{\"@type\":\"PropertyValueSpecification\",\"valueRequired\":true,\"valueName\":\"search_term_string\"}}],\"inLanguage\":\"fr-FR\"},{\"@type\":\"Organization\",\"@id\":\"https:\\\/\\\/www.amg-informatique.fr\\\/w2\\\/#organization\",\"name\":\"AMG INFORMATIQUE - Expert Cybers\u00e9curit\u00e9 Bourgogne Franche-Comt\u00e9\",\"url\":\"https:\\\/\\\/www.amg-informatique.fr\\\/w2\\\/\",\"logo\":{\"@type\":\"ImageObject\",\"inLanguage\":\"fr-FR\",\"@id\":\"https:\\\/\\\/www.amg-informatique.fr\\\/w2\\\/#\\\/schema\\\/logo\\\/image\\\/\",\"url\":\"https:\\\/\\\/www.amg-informatique.fr\\\/w2\\\/wp-content\\\/uploads\\\/logoAMG-1.jpg\",\"contentUrl\":\"https:\\\/\\\/www.amg-informatique.fr\\\/w2\\\/wp-content\\\/uploads\\\/logoAMG-1.jpg\",\"width\":2139,\"height\":747,\"caption\":\"AMG INFORMATIQUE - Expert Cybers\u00e9curit\u00e9 Bourgogne Franche-Comt\u00e9\"},\"image\":{\"@id\":\"https:\\\/\\\/www.amg-informatique.fr\\\/w2\\\/#\\\/schema\\\/logo\\\/image\\\/\"},\"sameAs\":[\"https:\\\/\\\/www.facebook.com\\\/AMG.INFORMATIQUE\\\/\",\"https:\\\/\\\/x.com\\\/AMGINFORMATIQUE\",\"https:\\\/\\\/www.linkedin.com\\\/company\\\/amg-informatique\\\/\"]},{\"@type\":\"Person\",\"@id\":\"https:\\\/\\\/www.amg-informatique.fr\\\/w2\\\/#\\\/schema\\\/person\\\/abd28354df3fdad4a59d904d88579540\",\"name\":\"AMG INFORMATIQUE\",\"image\":{\"@type\":\"ImageObject\",\"inLanguage\":\"fr-FR\",\"@id\":\"https:\\\/\\\/secure.gravatar.com\\\/avatar\\\/a038a337a9e93bb21b11baf3f3f7e46de3a269dc6a2c84e5b8154ce875ce8fe8?s=96&d=mm&r=g\",\"url\":\"https:\\\/\\\/secure.gravatar.com\\\/avatar\\\/a038a337a9e93bb21b11baf3f3f7e46de3a269dc6a2c84e5b8154ce875ce8fe8?s=96&d=mm&r=g\",\"contentUrl\":\"https:\\\/\\\/secure.gravatar.com\\\/avatar\\\/a038a337a9e93bb21b11baf3f3f7e46de3a269dc6a2c84e5b8154ce875ce8fe8?s=96&d=mm&r=g\",\"caption\":\"AMG INFORMATIQUE\"},\"url\":\"https:\\\/\\\/www.amg-informatique.fr\\\/w2\\\/author\\\/amg-informatique\\\/\"}]}<\/script>\n<!-- \/ Yoast SEO plugin. -->","yoast_head_json":{"title":"Matin\u00e9e S\u00e9curit\u00e9 SOPHOS le jeudi 26 novembre \u00e0 Dijon - AMG INFORMATIQUE - Expert en Cybers\u00e9curit\u00e9 et Solutions informatiques en Bourgogne Franche-Comt\u00e9","description":"Toutes les actualit\u00e9s d'AMG INFORMATIQUE \u00e0 Dijon et au Creusot","robots":{"index":"index","follow":"follow","max-snippet":"max-snippet:-1","max-image-preview":"max-image-preview:large","max-video-preview":"max-video-preview:-1"},"canonical":"https:\/\/www.amg-informatique.fr\/w2\/matinee-securite-sophos-le-jeudi-26-novembre-a-dijon\/","og_locale":"fr_FR","og_type":"article","og_title":"Matin\u00e9e S\u00e9curit\u00e9 SOPHOS le jeudi 26 novembre \u00e0 Dijon - AMG INFORMATIQUE - Expert en Cybers\u00e9curit\u00e9 et Solutions informatiques en Bourgogne Franche-Comt\u00e9","og_description":"Toutes les actualit\u00e9s d'AMG INFORMATIQUE \u00e0 Dijon et au Creusot","og_url":"https:\/\/www.amg-informatique.fr\/w2\/matinee-securite-sophos-le-jeudi-26-novembre-a-dijon\/","og_site_name":"AMG INFORMATIQUE - Expert en Cybers\u00e9curit\u00e9 et Solutions informatiques en Bourgogne Franche-Comt\u00e9","article_publisher":"https:\/\/www.facebook.com\/AMG.INFORMATIQUE\/","article_published_time":"2015-11-03T09:27:20+00:00","article_modified_time":"2016-02-25T10:57:50+00:00","og_image":[{"width":723,"height":343,"url":"https:\/\/www.amg-informatique.fr\/w2\/wp-content\/uploads\/visuel-sophos3.jpg","type":"image\/jpeg"}],"author":"AMG INFORMATIQUE","twitter_card":"summary_large_image","twitter_creator":"@AMGINFORMATIQUE","twitter_site":"@AMGINFORMATIQUE","twitter_misc":{"\u00c9crit par":"AMG INFORMATIQUE","Dur\u00e9e de lecture estim\u00e9e":"2 minutes"},"schema":{"@context":"https:\/\/schema.org","@graph":[{"@type":"Article","@id":"https:\/\/www.amg-informatique.fr\/w2\/matinee-securite-sophos-le-jeudi-26-novembre-a-dijon\/#article","isPartOf":{"@id":"https:\/\/www.amg-informatique.fr\/w2\/matinee-securite-sophos-le-jeudi-26-novembre-a-dijon\/"},"author":{"name":"AMG INFORMATIQUE","@id":"https:\/\/www.amg-informatique.fr\/w2\/#\/schema\/person\/abd28354df3fdad4a59d904d88579540"},"headline":"Matin\u00e9e S\u00e9curit\u00e9 SOPHOS le jeudi 26 novembre \u00e0 Dijon","datePublished":"2015-11-03T09:27:20+00:00","dateModified":"2016-02-25T10:57:50+00:00","mainEntityOfPage":{"@id":"https:\/\/www.amg-informatique.fr\/w2\/matinee-securite-sophos-le-jeudi-26-novembre-a-dijon\/"},"wordCount":358,"publisher":{"@id":"https:\/\/www.amg-informatique.fr\/w2\/#organization"},"image":{"@id":"https:\/\/www.amg-informatique.fr\/w2\/matinee-securite-sophos-le-jeudi-26-novembre-a-dijon\/#primaryimage"},"thumbnailUrl":"https:\/\/www.amg-informatique.fr\/w2\/wp-content\/uploads\/visuel-sophos3.jpg","articleSection":["Mat\u00e9riel informatique"],"inLanguage":"fr-FR"},{"@type":"WebPage","@id":"https:\/\/www.amg-informatique.fr\/w2\/matinee-securite-sophos-le-jeudi-26-novembre-a-dijon\/","url":"https:\/\/www.amg-informatique.fr\/w2\/matinee-securite-sophos-le-jeudi-26-novembre-a-dijon\/","name":"Matin\u00e9e S\u00e9curit\u00e9 SOPHOS le jeudi 26 novembre \u00e0 Dijon - AMG INFORMATIQUE - Expert en Cybers\u00e9curit\u00e9 et Solutions informatiques en Bourgogne Franche-Comt\u00e9","isPartOf":{"@id":"https:\/\/www.amg-informatique.fr\/w2\/#website"},"primaryImageOfPage":{"@id":"https:\/\/www.amg-informatique.fr\/w2\/matinee-securite-sophos-le-jeudi-26-novembre-a-dijon\/#primaryimage"},"image":{"@id":"https:\/\/www.amg-informatique.fr\/w2\/matinee-securite-sophos-le-jeudi-26-novembre-a-dijon\/#primaryimage"},"thumbnailUrl":"https:\/\/www.amg-informatique.fr\/w2\/wp-content\/uploads\/visuel-sophos3.jpg","datePublished":"2015-11-03T09:27:20+00:00","dateModified":"2016-02-25T10:57:50+00:00","description":"Toutes les actualit\u00e9s d'AMG INFORMATIQUE \u00e0 Dijon et au Creusot","breadcrumb":{"@id":"https:\/\/www.amg-informatique.fr\/w2\/matinee-securite-sophos-le-jeudi-26-novembre-a-dijon\/#breadcrumb"},"inLanguage":"fr-FR","potentialAction":[{"@type":"ReadAction","target":["https:\/\/www.amg-informatique.fr\/w2\/matinee-securite-sophos-le-jeudi-26-novembre-a-dijon\/"]}]},{"@type":"ImageObject","inLanguage":"fr-FR","@id":"https:\/\/www.amg-informatique.fr\/w2\/matinee-securite-sophos-le-jeudi-26-novembre-a-dijon\/#primaryimage","url":"https:\/\/www.amg-informatique.fr\/w2\/wp-content\/uploads\/visuel-sophos3.jpg","contentUrl":"https:\/\/www.amg-informatique.fr\/w2\/wp-content\/uploads\/visuel-sophos3.jpg","width":723,"height":343},{"@type":"BreadcrumbList","@id":"https:\/\/www.amg-informatique.fr\/w2\/matinee-securite-sophos-le-jeudi-26-novembre-a-dijon\/#breadcrumb","itemListElement":[{"@type":"ListItem","position":1,"name":"Accueil","item":"https:\/\/www.amg-informatique.fr\/w2\/"},{"@type":"ListItem","position":2,"name":"Matin\u00e9e S\u00e9curit\u00e9 SOPHOS le jeudi 26 novembre \u00e0 Dijon"}]},{"@type":"WebSite","@id":"https:\/\/www.amg-informatique.fr\/w2\/#website","url":"https:\/\/www.amg-informatique.fr\/w2\/","name":"AMG INFORMATIQUE - Cybers\u00e9curit\u00e9","description":"Cybers\u00e9curit\u00e9 et Solutions informatiques pour les professionnels \u00e0 Dijon (21) et au Creusot (71)","publisher":{"@id":"https:\/\/www.amg-informatique.fr\/w2\/#organization"},"potentialAction":[{"@type":"SearchAction","target":{"@type":"EntryPoint","urlTemplate":"https:\/\/www.amg-informatique.fr\/w2\/?s={search_term_string}"},"query-input":{"@type":"PropertyValueSpecification","valueRequired":true,"valueName":"search_term_string"}}],"inLanguage":"fr-FR"},{"@type":"Organization","@id":"https:\/\/www.amg-informatique.fr\/w2\/#organization","name":"AMG INFORMATIQUE - Expert Cybers\u00e9curit\u00e9 Bourgogne Franche-Comt\u00e9","url":"https:\/\/www.amg-informatique.fr\/w2\/","logo":{"@type":"ImageObject","inLanguage":"fr-FR","@id":"https:\/\/www.amg-informatique.fr\/w2\/#\/schema\/logo\/image\/","url":"https:\/\/www.amg-informatique.fr\/w2\/wp-content\/uploads\/logoAMG-1.jpg","contentUrl":"https:\/\/www.amg-informatique.fr\/w2\/wp-content\/uploads\/logoAMG-1.jpg","width":2139,"height":747,"caption":"AMG INFORMATIQUE - Expert Cybers\u00e9curit\u00e9 Bourgogne Franche-Comt\u00e9"},"image":{"@id":"https:\/\/www.amg-informatique.fr\/w2\/#\/schema\/logo\/image\/"},"sameAs":["https:\/\/www.facebook.com\/AMG.INFORMATIQUE\/","https:\/\/x.com\/AMGINFORMATIQUE","https:\/\/www.linkedin.com\/company\/amg-informatique\/"]},{"@type":"Person","@id":"https:\/\/www.amg-informatique.fr\/w2\/#\/schema\/person\/abd28354df3fdad4a59d904d88579540","name":"AMG INFORMATIQUE","image":{"@type":"ImageObject","inLanguage":"fr-FR","@id":"https:\/\/secure.gravatar.com\/avatar\/a038a337a9e93bb21b11baf3f3f7e46de3a269dc6a2c84e5b8154ce875ce8fe8?s=96&d=mm&r=g","url":"https:\/\/secure.gravatar.com\/avatar\/a038a337a9e93bb21b11baf3f3f7e46de3a269dc6a2c84e5b8154ce875ce8fe8?s=96&d=mm&r=g","contentUrl":"https:\/\/secure.gravatar.com\/avatar\/a038a337a9e93bb21b11baf3f3f7e46de3a269dc6a2c84e5b8154ce875ce8fe8?s=96&d=mm&r=g","caption":"AMG INFORMATIQUE"},"url":"https:\/\/www.amg-informatique.fr\/w2\/author\/amg-informatique\/"}]}},"_links":{"self":[{"href":"https:\/\/www.amg-informatique.fr\/w2\/wp-json\/wp\/v2\/posts\/2710","targetHints":{"allow":["GET"]}}],"collection":[{"href":"https:\/\/www.amg-informatique.fr\/w2\/wp-json\/wp\/v2\/posts"}],"about":[{"href":"https:\/\/www.amg-informatique.fr\/w2\/wp-json\/wp\/v2\/types\/post"}],"author":[{"embeddable":true,"href":"https:\/\/www.amg-informatique.fr\/w2\/wp-json\/wp\/v2\/users\/7"}],"replies":[{"embeddable":true,"href":"https:\/\/www.amg-informatique.fr\/w2\/wp-json\/wp\/v2\/comments?post=2710"}],"version-history":[{"count":13,"href":"https:\/\/www.amg-informatique.fr\/w2\/wp-json\/wp\/v2\/posts\/2710\/revisions"}],"predecessor-version":[{"id":2726,"href":"https:\/\/www.amg-informatique.fr\/w2\/wp-json\/wp\/v2\/posts\/2710\/revisions\/2726"}],"wp:featuredmedia":[{"embeddable":true,"href":"https:\/\/www.amg-informatique.fr\/w2\/wp-json\/wp\/v2\/media\/2603"}],"wp:attachment":[{"href":"https:\/\/www.amg-informatique.fr\/w2\/wp-json\/wp\/v2\/media?parent=2710"}],"wp:term":[{"taxonomy":"category","embeddable":true,"href":"https:\/\/www.amg-informatique.fr\/w2\/wp-json\/wp\/v2\/categories?post=2710"},{"taxonomy":"post_tag","embeddable":true,"href":"https:\/\/www.amg-informatique.fr\/w2\/wp-json\/wp\/v2\/tags?post=2710"}],"curies":[{"name":"wp","href":"https:\/\/api.w.org\/{rel}","templated":true}]}}