{"id":2691,"date":"2015-08-01T09:14:18","date_gmt":"2015-08-01T07:14:18","guid":{"rendered":"http:\/\/amg-informatique.fr\/w2\/?p=2691"},"modified":"2021-03-12T10:10:54","modified_gmt":"2021-03-12T09:10:54","slug":"amg-devient-centre-de-formation-habilite-pcie","status":"publish","type":"post","link":"https:\/\/www.amg-informatique.fr\/w2\/amg-devient-centre-de-formation-habilite-pcie\/","title":{"rendered":"AMG devient centre de formation habilit\u00e9 PCIE\u00ae"},"content":{"rendered":"<p>Valorisez vos comp\u00e9tences ou celles de vos collaborateurs dans l&rsquo;utilisation des applications bureautiques avec le Passeport de Comp\u00e9tences Informatique Europ\u00e9en (PCIE).<\/p>\n<p>\u00c9ligibles au CPF (Compte Personnel de Formation) pour toutes les branches professionnelles, les formations pr\u00e9paratoires \u00e0 la certification PCIE sont finan\u00e7ables par votre OPCA.<\/p>\n<p>Nos formations sur les logiciels Microsoft\u00ae ou LibreOffice\u00ae vous apportent autonomie et validation des comp\u00e9tences tout en r\u00e9duisant de fa\u00e7on significative les demandes d&rsquo;assistance.<\/p>\n<p>Toutes nos formations sont anim\u00e9es exclusivement en mode 100 % pr\u00e9sentiel, avec une prise en charge et un encadrement personnalis\u00e9 des participants tout au long de leur cursus p\u00e9dagogique.<\/p>\n<p>D\u00e9couvrez tous les apports du PCIE sur le site www.pcie.tm.fr et retrouvez toutes nos formations sur notre site www.amg-informatique.com rubrique formation.<\/p>\n<p>Et profitez de cette offre exceptionnelle valable du 1<sup>er<\/sup> octobre au 31 janvier 2016 : pour toute inscription \u00e0 une session inter-entreprises, la carte d&rsquo;aptitude PCIE et le passage d&rsquo;une certification PCIE sont OFFERTS !<\/p>\n<p>Contactez Bruno Danton au 03 80 74 24 44 ou bien par mail \u00e0 <a href=\"mailto:serviceformation@amg-informatique.com\">serviceformation@amg-informatique.com<\/a>.<\/p>\n","protected":false},"excerpt":{"rendered":"<p>Valorisez vos comp\u00e9tences ou celles de vos collaborateurs dans l&rsquo;utilisation des applications bureautiques avec le Passeport de Comp\u00e9tences Informatique Europ\u00e9en (PCIE). \u00c9ligibles au CPF (Compte Personnel de Formation) pour toutes les branches professionnelles, les formations pr\u00e9paratoires \u00e0 la certification PCIE sont finan\u00e7ables par votre OPCA. Nos formations sur les logiciels Microsoft\u00ae ou LibreOffice\u00ae vous apportent  [&#8230;]<\/p>\n","protected":false},"author":7,"featured_media":2348,"comment_status":"closed","ping_status":"closed","sticky":false,"template":"","format":"standard","meta":{"footnotes":""},"categories":[68],"tags":[],"class_list":["post-2691","post","type-post","status-publish","format-standard","has-post-thumbnail","hentry","category-formation-continue"],"yoast_head":"<!-- This site is optimized with the Yoast SEO plugin v27.4 - https:\/\/yoast.com\/product\/yoast-seo-wordpress\/ -->\n<title>AMG devient centre de formation habilit\u00e9 PCIE\u00ae - AMG INFORMATIQUE - Expert en Cybers\u00e9curit\u00e9 et Solutions informatiques en Bourgogne Franche-Comt\u00e9<\/title>\n<meta name=\"description\" content=\"Toutes les actualit\u00e9s d&#039;AMG INFORMATIQUE \u00e0 Dijon et au Creusot\" \/>\n<meta name=\"robots\" content=\"index, follow, max-snippet:-1, max-image-preview:large, max-video-preview:-1\" \/>\n<link rel=\"canonical\" href=\"https:\/\/www.amg-informatique.fr\/w2\/amg-devient-centre-de-formation-habilite-pcie\/\" \/>\n<meta property=\"og:locale\" content=\"fr_FR\" \/>\n<meta property=\"og:type\" content=\"article\" \/>\n<meta property=\"og:title\" content=\"AMG devient centre de formation habilit\u00e9 PCIE\u00ae - AMG INFORMATIQUE - Expert en Cybers\u00e9curit\u00e9 et Solutions informatiques en Bourgogne Franche-Comt\u00e9\" \/>\n<meta property=\"og:description\" content=\"Toutes les actualit\u00e9s d&#039;AMG INFORMATIQUE \u00e0 Dijon et au Creusot\" \/>\n<meta property=\"og:url\" content=\"https:\/\/www.amg-informatique.fr\/w2\/amg-devient-centre-de-formation-habilite-pcie\/\" \/>\n<meta property=\"og:site_name\" content=\"AMG INFORMATIQUE - Expert en Cybers\u00e9curit\u00e9 et Solutions informatiques en Bourgogne Franche-Comt\u00e9\" \/>\n<meta property=\"article:publisher\" content=\"https:\/\/www.facebook.com\/AMG.INFORMATIQUE\/\" \/>\n<meta property=\"article:published_time\" content=\"2015-08-01T07:14:18+00:00\" \/>\n<meta property=\"article:modified_time\" content=\"2021-03-12T09:10:54+00:00\" \/>\n<meta property=\"og:image\" content=\"https:\/\/www.amg-informatique.fr\/w2\/wp-content\/uploads\/centrehabilite_low.jpg\" \/>\n\t<meta property=\"og:image:width\" content=\"944\" \/>\n\t<meta property=\"og:image:height\" content=\"314\" \/>\n\t<meta property=\"og:image:type\" content=\"image\/jpeg\" \/>\n<meta name=\"author\" content=\"AMG INFORMATIQUE\" \/>\n<meta name=\"twitter:card\" content=\"summary_large_image\" \/>\n<meta name=\"twitter:creator\" content=\"@AMGINFORMATIQUE\" \/>\n<meta name=\"twitter:site\" content=\"@AMGINFORMATIQUE\" \/>\n<meta name=\"twitter:label1\" content=\"\u00c9crit par\" \/>\n\t<meta name=\"twitter:data1\" content=\"AMG INFORMATIQUE\" \/>\n\t<meta name=\"twitter:label2\" content=\"Dur\u00e9e de lecture estim\u00e9e\" \/>\n\t<meta name=\"twitter:data2\" content=\"1 minute\" \/>\n<script type=\"application\/ld+json\" class=\"yoast-schema-graph\">{\"@context\":\"https:\\\/\\\/schema.org\",\"@graph\":[{\"@type\":\"Article\",\"@id\":\"https:\\\/\\\/www.amg-informatique.fr\\\/w2\\\/amg-devient-centre-de-formation-habilite-pcie\\\/#article\",\"isPartOf\":{\"@id\":\"https:\\\/\\\/www.amg-informatique.fr\\\/w2\\\/amg-devient-centre-de-formation-habilite-pcie\\\/\"},\"author\":{\"name\":\"AMG INFORMATIQUE\",\"@id\":\"https:\\\/\\\/www.amg-informatique.fr\\\/w2\\\/#\\\/schema\\\/person\\\/abd28354df3fdad4a59d904d88579540\"},\"headline\":\"AMG devient centre de formation habilit\u00e9 PCIE\u00ae\",\"datePublished\":\"2015-08-01T07:14:18+00:00\",\"dateModified\":\"2021-03-12T09:10:54+00:00\",\"mainEntityOfPage\":{\"@id\":\"https:\\\/\\\/www.amg-informatique.fr\\\/w2\\\/amg-devient-centre-de-formation-habilite-pcie\\\/\"},\"wordCount\":185,\"publisher\":{\"@id\":\"https:\\\/\\\/www.amg-informatique.fr\\\/w2\\\/#organization\"},\"image\":{\"@id\":\"https:\\\/\\\/www.amg-informatique.fr\\\/w2\\\/amg-devient-centre-de-formation-habilite-pcie\\\/#primaryimage\"},\"thumbnailUrl\":\"https:\\\/\\\/www.amg-informatique.fr\\\/w2\\\/wp-content\\\/uploads\\\/centrehabilite_low.jpg\",\"articleSection\":[\"Formation professionnelle\"],\"inLanguage\":\"fr-FR\"},{\"@type\":\"WebPage\",\"@id\":\"https:\\\/\\\/www.amg-informatique.fr\\\/w2\\\/amg-devient-centre-de-formation-habilite-pcie\\\/\",\"url\":\"https:\\\/\\\/www.amg-informatique.fr\\\/w2\\\/amg-devient-centre-de-formation-habilite-pcie\\\/\",\"name\":\"AMG devient centre de formation habilit\u00e9 PCIE\u00ae - AMG INFORMATIQUE - Expert en Cybers\u00e9curit\u00e9 et Solutions informatiques en Bourgogne Franche-Comt\u00e9\",\"isPartOf\":{\"@id\":\"https:\\\/\\\/www.amg-informatique.fr\\\/w2\\\/#website\"},\"primaryImageOfPage\":{\"@id\":\"https:\\\/\\\/www.amg-informatique.fr\\\/w2\\\/amg-devient-centre-de-formation-habilite-pcie\\\/#primaryimage\"},\"image\":{\"@id\":\"https:\\\/\\\/www.amg-informatique.fr\\\/w2\\\/amg-devient-centre-de-formation-habilite-pcie\\\/#primaryimage\"},\"thumbnailUrl\":\"https:\\\/\\\/www.amg-informatique.fr\\\/w2\\\/wp-content\\\/uploads\\\/centrehabilite_low.jpg\",\"datePublished\":\"2015-08-01T07:14:18+00:00\",\"dateModified\":\"2021-03-12T09:10:54+00:00\",\"description\":\"Toutes les actualit\u00e9s d'AMG INFORMATIQUE \u00e0 Dijon et au Creusot\",\"breadcrumb\":{\"@id\":\"https:\\\/\\\/www.amg-informatique.fr\\\/w2\\\/amg-devient-centre-de-formation-habilite-pcie\\\/#breadcrumb\"},\"inLanguage\":\"fr-FR\",\"potentialAction\":[{\"@type\":\"ReadAction\",\"target\":[\"https:\\\/\\\/www.amg-informatique.fr\\\/w2\\\/amg-devient-centre-de-formation-habilite-pcie\\\/\"]}]},{\"@type\":\"ImageObject\",\"inLanguage\":\"fr-FR\",\"@id\":\"https:\\\/\\\/www.amg-informatique.fr\\\/w2\\\/amg-devient-centre-de-formation-habilite-pcie\\\/#primaryimage\",\"url\":\"https:\\\/\\\/www.amg-informatique.fr\\\/w2\\\/wp-content\\\/uploads\\\/centrehabilite_low.jpg\",\"contentUrl\":\"https:\\\/\\\/www.amg-informatique.fr\\\/w2\\\/wp-content\\\/uploads\\\/centrehabilite_low.jpg\",\"width\":944,\"height\":314},{\"@type\":\"BreadcrumbList\",\"@id\":\"https:\\\/\\\/www.amg-informatique.fr\\\/w2\\\/amg-devient-centre-de-formation-habilite-pcie\\\/#breadcrumb\",\"itemListElement\":[{\"@type\":\"ListItem\",\"position\":1,\"name\":\"Accueil\",\"item\":\"https:\\\/\\\/www.amg-informatique.fr\\\/w2\\\/\"},{\"@type\":\"ListItem\",\"position\":2,\"name\":\"AMG devient centre de formation habilit\u00e9 PCIE\u00ae\"}]},{\"@type\":\"WebSite\",\"@id\":\"https:\\\/\\\/www.amg-informatique.fr\\\/w2\\\/#website\",\"url\":\"https:\\\/\\\/www.amg-informatique.fr\\\/w2\\\/\",\"name\":\"AMG INFORMATIQUE - Cybers\u00e9curit\u00e9\",\"description\":\"Cybers\u00e9curit\u00e9 et Solutions informatiques pour les professionnels \u00e0 Dijon (21) et au Creusot (71)\",\"publisher\":{\"@id\":\"https:\\\/\\\/www.amg-informatique.fr\\\/w2\\\/#organization\"},\"potentialAction\":[{\"@type\":\"SearchAction\",\"target\":{\"@type\":\"EntryPoint\",\"urlTemplate\":\"https:\\\/\\\/www.amg-informatique.fr\\\/w2\\\/?s={search_term_string}\"},\"query-input\":{\"@type\":\"PropertyValueSpecification\",\"valueRequired\":true,\"valueName\":\"search_term_string\"}}],\"inLanguage\":\"fr-FR\"},{\"@type\":\"Organization\",\"@id\":\"https:\\\/\\\/www.amg-informatique.fr\\\/w2\\\/#organization\",\"name\":\"AMG INFORMATIQUE - Expert Cybers\u00e9curit\u00e9 Bourgogne Franche-Comt\u00e9\",\"url\":\"https:\\\/\\\/www.amg-informatique.fr\\\/w2\\\/\",\"logo\":{\"@type\":\"ImageObject\",\"inLanguage\":\"fr-FR\",\"@id\":\"https:\\\/\\\/www.amg-informatique.fr\\\/w2\\\/#\\\/schema\\\/logo\\\/image\\\/\",\"url\":\"https:\\\/\\\/www.amg-informatique.fr\\\/w2\\\/wp-content\\\/uploads\\\/logoAMG-1.jpg\",\"contentUrl\":\"https:\\\/\\\/www.amg-informatique.fr\\\/w2\\\/wp-content\\\/uploads\\\/logoAMG-1.jpg\",\"width\":2139,\"height\":747,\"caption\":\"AMG INFORMATIQUE - Expert Cybers\u00e9curit\u00e9 Bourgogne Franche-Comt\u00e9\"},\"image\":{\"@id\":\"https:\\\/\\\/www.amg-informatique.fr\\\/w2\\\/#\\\/schema\\\/logo\\\/image\\\/\"},\"sameAs\":[\"https:\\\/\\\/www.facebook.com\\\/AMG.INFORMATIQUE\\\/\",\"https:\\\/\\\/x.com\\\/AMGINFORMATIQUE\",\"https:\\\/\\\/www.linkedin.com\\\/company\\\/amg-informatique\\\/\"]},{\"@type\":\"Person\",\"@id\":\"https:\\\/\\\/www.amg-informatique.fr\\\/w2\\\/#\\\/schema\\\/person\\\/abd28354df3fdad4a59d904d88579540\",\"name\":\"AMG INFORMATIQUE\",\"image\":{\"@type\":\"ImageObject\",\"inLanguage\":\"fr-FR\",\"@id\":\"https:\\\/\\\/secure.gravatar.com\\\/avatar\\\/a038a337a9e93bb21b11baf3f3f7e46de3a269dc6a2c84e5b8154ce875ce8fe8?s=96&d=mm&r=g\",\"url\":\"https:\\\/\\\/secure.gravatar.com\\\/avatar\\\/a038a337a9e93bb21b11baf3f3f7e46de3a269dc6a2c84e5b8154ce875ce8fe8?s=96&d=mm&r=g\",\"contentUrl\":\"https:\\\/\\\/secure.gravatar.com\\\/avatar\\\/a038a337a9e93bb21b11baf3f3f7e46de3a269dc6a2c84e5b8154ce875ce8fe8?s=96&d=mm&r=g\",\"caption\":\"AMG INFORMATIQUE\"},\"url\":\"https:\\\/\\\/www.amg-informatique.fr\\\/w2\\\/author\\\/amg-informatique\\\/\"}]}<\/script>\n<!-- \/ Yoast SEO plugin. -->","yoast_head_json":{"title":"AMG devient centre de formation habilit\u00e9 PCIE\u00ae - AMG INFORMATIQUE - Expert en Cybers\u00e9curit\u00e9 et Solutions informatiques en Bourgogne Franche-Comt\u00e9","description":"Toutes les actualit\u00e9s d'AMG INFORMATIQUE \u00e0 Dijon et au Creusot","robots":{"index":"index","follow":"follow","max-snippet":"max-snippet:-1","max-image-preview":"max-image-preview:large","max-video-preview":"max-video-preview:-1"},"canonical":"https:\/\/www.amg-informatique.fr\/w2\/amg-devient-centre-de-formation-habilite-pcie\/","og_locale":"fr_FR","og_type":"article","og_title":"AMG devient centre de formation habilit\u00e9 PCIE\u00ae - AMG INFORMATIQUE - Expert en Cybers\u00e9curit\u00e9 et Solutions informatiques en Bourgogne Franche-Comt\u00e9","og_description":"Toutes les actualit\u00e9s d'AMG INFORMATIQUE \u00e0 Dijon et au Creusot","og_url":"https:\/\/www.amg-informatique.fr\/w2\/amg-devient-centre-de-formation-habilite-pcie\/","og_site_name":"AMG INFORMATIQUE - Expert en Cybers\u00e9curit\u00e9 et Solutions informatiques en Bourgogne Franche-Comt\u00e9","article_publisher":"https:\/\/www.facebook.com\/AMG.INFORMATIQUE\/","article_published_time":"2015-08-01T07:14:18+00:00","article_modified_time":"2021-03-12T09:10:54+00:00","og_image":[{"width":944,"height":314,"url":"https:\/\/www.amg-informatique.fr\/w2\/wp-content\/uploads\/centrehabilite_low.jpg","type":"image\/jpeg"}],"author":"AMG INFORMATIQUE","twitter_card":"summary_large_image","twitter_creator":"@AMGINFORMATIQUE","twitter_site":"@AMGINFORMATIQUE","twitter_misc":{"\u00c9crit par":"AMG INFORMATIQUE","Dur\u00e9e de lecture estim\u00e9e":"1 minute"},"schema":{"@context":"https:\/\/schema.org","@graph":[{"@type":"Article","@id":"https:\/\/www.amg-informatique.fr\/w2\/amg-devient-centre-de-formation-habilite-pcie\/#article","isPartOf":{"@id":"https:\/\/www.amg-informatique.fr\/w2\/amg-devient-centre-de-formation-habilite-pcie\/"},"author":{"name":"AMG INFORMATIQUE","@id":"https:\/\/www.amg-informatique.fr\/w2\/#\/schema\/person\/abd28354df3fdad4a59d904d88579540"},"headline":"AMG devient centre de formation habilit\u00e9 PCIE\u00ae","datePublished":"2015-08-01T07:14:18+00:00","dateModified":"2021-03-12T09:10:54+00:00","mainEntityOfPage":{"@id":"https:\/\/www.amg-informatique.fr\/w2\/amg-devient-centre-de-formation-habilite-pcie\/"},"wordCount":185,"publisher":{"@id":"https:\/\/www.amg-informatique.fr\/w2\/#organization"},"image":{"@id":"https:\/\/www.amg-informatique.fr\/w2\/amg-devient-centre-de-formation-habilite-pcie\/#primaryimage"},"thumbnailUrl":"https:\/\/www.amg-informatique.fr\/w2\/wp-content\/uploads\/centrehabilite_low.jpg","articleSection":["Formation professionnelle"],"inLanguage":"fr-FR"},{"@type":"WebPage","@id":"https:\/\/www.amg-informatique.fr\/w2\/amg-devient-centre-de-formation-habilite-pcie\/","url":"https:\/\/www.amg-informatique.fr\/w2\/amg-devient-centre-de-formation-habilite-pcie\/","name":"AMG devient centre de formation habilit\u00e9 PCIE\u00ae - AMG INFORMATIQUE - Expert en Cybers\u00e9curit\u00e9 et Solutions informatiques en Bourgogne Franche-Comt\u00e9","isPartOf":{"@id":"https:\/\/www.amg-informatique.fr\/w2\/#website"},"primaryImageOfPage":{"@id":"https:\/\/www.amg-informatique.fr\/w2\/amg-devient-centre-de-formation-habilite-pcie\/#primaryimage"},"image":{"@id":"https:\/\/www.amg-informatique.fr\/w2\/amg-devient-centre-de-formation-habilite-pcie\/#primaryimage"},"thumbnailUrl":"https:\/\/www.amg-informatique.fr\/w2\/wp-content\/uploads\/centrehabilite_low.jpg","datePublished":"2015-08-01T07:14:18+00:00","dateModified":"2021-03-12T09:10:54+00:00","description":"Toutes les actualit\u00e9s d'AMG INFORMATIQUE \u00e0 Dijon et au Creusot","breadcrumb":{"@id":"https:\/\/www.amg-informatique.fr\/w2\/amg-devient-centre-de-formation-habilite-pcie\/#breadcrumb"},"inLanguage":"fr-FR","potentialAction":[{"@type":"ReadAction","target":["https:\/\/www.amg-informatique.fr\/w2\/amg-devient-centre-de-formation-habilite-pcie\/"]}]},{"@type":"ImageObject","inLanguage":"fr-FR","@id":"https:\/\/www.amg-informatique.fr\/w2\/amg-devient-centre-de-formation-habilite-pcie\/#primaryimage","url":"https:\/\/www.amg-informatique.fr\/w2\/wp-content\/uploads\/centrehabilite_low.jpg","contentUrl":"https:\/\/www.amg-informatique.fr\/w2\/wp-content\/uploads\/centrehabilite_low.jpg","width":944,"height":314},{"@type":"BreadcrumbList","@id":"https:\/\/www.amg-informatique.fr\/w2\/amg-devient-centre-de-formation-habilite-pcie\/#breadcrumb","itemListElement":[{"@type":"ListItem","position":1,"name":"Accueil","item":"https:\/\/www.amg-informatique.fr\/w2\/"},{"@type":"ListItem","position":2,"name":"AMG devient centre de formation habilit\u00e9 PCIE\u00ae"}]},{"@type":"WebSite","@id":"https:\/\/www.amg-informatique.fr\/w2\/#website","url":"https:\/\/www.amg-informatique.fr\/w2\/","name":"AMG INFORMATIQUE - Cybers\u00e9curit\u00e9","description":"Cybers\u00e9curit\u00e9 et Solutions informatiques pour les professionnels \u00e0 Dijon (21) et au Creusot (71)","publisher":{"@id":"https:\/\/www.amg-informatique.fr\/w2\/#organization"},"potentialAction":[{"@type":"SearchAction","target":{"@type":"EntryPoint","urlTemplate":"https:\/\/www.amg-informatique.fr\/w2\/?s={search_term_string}"},"query-input":{"@type":"PropertyValueSpecification","valueRequired":true,"valueName":"search_term_string"}}],"inLanguage":"fr-FR"},{"@type":"Organization","@id":"https:\/\/www.amg-informatique.fr\/w2\/#organization","name":"AMG INFORMATIQUE - Expert Cybers\u00e9curit\u00e9 Bourgogne Franche-Comt\u00e9","url":"https:\/\/www.amg-informatique.fr\/w2\/","logo":{"@type":"ImageObject","inLanguage":"fr-FR","@id":"https:\/\/www.amg-informatique.fr\/w2\/#\/schema\/logo\/image\/","url":"https:\/\/www.amg-informatique.fr\/w2\/wp-content\/uploads\/logoAMG-1.jpg","contentUrl":"https:\/\/www.amg-informatique.fr\/w2\/wp-content\/uploads\/logoAMG-1.jpg","width":2139,"height":747,"caption":"AMG INFORMATIQUE - Expert Cybers\u00e9curit\u00e9 Bourgogne Franche-Comt\u00e9"},"image":{"@id":"https:\/\/www.amg-informatique.fr\/w2\/#\/schema\/logo\/image\/"},"sameAs":["https:\/\/www.facebook.com\/AMG.INFORMATIQUE\/","https:\/\/x.com\/AMGINFORMATIQUE","https:\/\/www.linkedin.com\/company\/amg-informatique\/"]},{"@type":"Person","@id":"https:\/\/www.amg-informatique.fr\/w2\/#\/schema\/person\/abd28354df3fdad4a59d904d88579540","name":"AMG INFORMATIQUE","image":{"@type":"ImageObject","inLanguage":"fr-FR","@id":"https:\/\/secure.gravatar.com\/avatar\/a038a337a9e93bb21b11baf3f3f7e46de3a269dc6a2c84e5b8154ce875ce8fe8?s=96&d=mm&r=g","url":"https:\/\/secure.gravatar.com\/avatar\/a038a337a9e93bb21b11baf3f3f7e46de3a269dc6a2c84e5b8154ce875ce8fe8?s=96&d=mm&r=g","contentUrl":"https:\/\/secure.gravatar.com\/avatar\/a038a337a9e93bb21b11baf3f3f7e46de3a269dc6a2c84e5b8154ce875ce8fe8?s=96&d=mm&r=g","caption":"AMG INFORMATIQUE"},"url":"https:\/\/www.amg-informatique.fr\/w2\/author\/amg-informatique\/"}]}},"_links":{"self":[{"href":"https:\/\/www.amg-informatique.fr\/w2\/wp-json\/wp\/v2\/posts\/2691","targetHints":{"allow":["GET"]}}],"collection":[{"href":"https:\/\/www.amg-informatique.fr\/w2\/wp-json\/wp\/v2\/posts"}],"about":[{"href":"https:\/\/www.amg-informatique.fr\/w2\/wp-json\/wp\/v2\/types\/post"}],"author":[{"embeddable":true,"href":"https:\/\/www.amg-informatique.fr\/w2\/wp-json\/wp\/v2\/users\/7"}],"replies":[{"embeddable":true,"href":"https:\/\/www.amg-informatique.fr\/w2\/wp-json\/wp\/v2\/comments?post=2691"}],"version-history":[{"count":9,"href":"https:\/\/www.amg-informatique.fr\/w2\/wp-json\/wp\/v2\/posts\/2691\/revisions"}],"predecessor-version":[{"id":18134,"href":"https:\/\/www.amg-informatique.fr\/w2\/wp-json\/wp\/v2\/posts\/2691\/revisions\/18134"}],"wp:featuredmedia":[{"embeddable":true,"href":"https:\/\/www.amg-informatique.fr\/w2\/wp-json\/wp\/v2\/media\/2348"}],"wp:attachment":[{"href":"https:\/\/www.amg-informatique.fr\/w2\/wp-json\/wp\/v2\/media?parent=2691"}],"wp:term":[{"taxonomy":"category","embeddable":true,"href":"https:\/\/www.amg-informatique.fr\/w2\/wp-json\/wp\/v2\/categories?post=2691"},{"taxonomy":"post_tag","embeddable":true,"href":"https:\/\/www.amg-informatique.fr\/w2\/wp-json\/wp\/v2\/tags?post=2691"}],"curies":[{"name":"wp","href":"https:\/\/api.w.org\/{rel}","templated":true}]}}