{"id":26210,"date":"2025-01-08T17:52:24","date_gmt":"2025-01-08T16:52:24","guid":{"rendered":"https:\/\/amg-informatique.fr\/w2\/?p=26210"},"modified":"2025-01-20T17:55:29","modified_gmt":"2025-01-20T16:55:29","slug":"amg-informatique-exposant-au-forum-cybersecurite-et-numerique-le-24-janvier-a-dijon","status":"publish","type":"post","link":"https:\/\/www.amg-informatique.fr\/w2\/amg-informatique-exposant-au-forum-cybersecurite-et-numerique-le-24-janvier-a-dijon\/","title":{"rendered":"AMG INFORMATIQUE exposant au Forum Cybers\u00e9curit\u00e9 et Num\u00e9rique le 24 janvier \u00e0 Dijon"},"content":{"rendered":"<p>[<span class=\"break-words\n          tvm-parent-container\"><span dir=\"ltr\"><\/span><\/span>#FCN2025] AMG INFORMATIQUE &#8211; Dijon, Le Creusot aura le plaisir de participer en tant qu&rsquo;exposant au Forum Cybers\u00e9curit\u00e9 et Num\u00e9rique<span class=\"break-words\n          tvm-parent-container\"><span dir=\"ltr\"><\/span><\/span> le vendredi 24 janvier 2025 \u00e0 #Dijon.<\/p>\n<p>\u27a1\ufe0f Professionnels de la cybers\u00e9curit\u00e9 et du num\u00e9rique, que vous soyez experts, utilisateurs, ou d\u00e9cideurs, issus du secteur priv\u00e9 ou public, venez nous rencontrer au #FCN2025 afin de vous informer, partager et \u00e9changer autour de th\u00e9matiques strat\u00e9giques li\u00e9es \u00e0 la #cybers\u00e9curit\u00e9, l\u2019#IA et le #num\u00e9rique.<\/p>\n<p>\u25b6\ufe0f Conf\u00e9rences pl\u00e9ni\u00e8res, keynotes, tables-rondes et rendez-vous BtoB vous offriront une occasion unique d&rsquo;acqu\u00e9rir des connaissances pratiques, de d\u00e9couvrir les derni\u00e8res hashtag#innovations et de renforcer votre hashtag#r\u00e9seau professionnel.<\/p>\n<p>Cette rencontre sera particuli\u00e8rement in\u00e9dite du fait des th\u00e9matiques qui seront d\u00e9battues et de la qualit\u00e9 des 18 intervenants dont plusieurs experts de la cybers\u00e9curit\u00e9, de l\u2019IA et des SI.<br \/>\n<span class=\"break-words\n          tvm-parent-container\"><span dir=\"ltr\">\u00a0<\/span><\/span>IUT Dijon \u00e0 Dijon<br \/>\n<span class=\"break-words\n          tvm-parent-container\"><span dir=\"ltr\">\u00a0<\/span><\/span>Vendredi 24 janvier 2025 de 8h30 \u00e0 17h<\/p>\n<p>300 visiteurs, 25 exposants et 18 intervenants sont attendus pour cette journ\u00e9e \u00e0 ne pas manquer !<\/p>\n<p><span class=\"break-words\n          tvm-parent-container\"><span dir=\"ltr\"> <\/span><\/span>Inscrivez-vous et d\u00e9couvrez le programme d\u00e9taill\u00e9 <span class=\"break-words\n          tvm-parent-container\"><span dir=\"ltr\"><\/span><\/span>: <a href=\"https:\/\/fcn.lafrenchtechbfc.fr\/\" target=\"_blank\" rel=\"noopener\">https:\/\/fcn.lafrenchtechbfc.fr\/<\/a><\/p>\n<p>Avec La French Tech Bourgogne-Franche-Comt\u00e9, le CSIRT-BFC &#8211; Centre R\u00e9gional de Cybers\u00e9curit\u00e9, l&rsquo;ANSSI &#8211; Agence nationale de la s\u00e9curit\u00e9 des syst\u00e8mes d&rsquo;information et l&rsquo;IUT Dijon-Auxerre-Nevers<\/p>\n","protected":false},"excerpt":{"rendered":"<p>[#FCN2025] AMG INFORMATIQUE &#8211; Dijon, Le Creusot aura le plaisir de participer en tant qu&rsquo;exposant au Forum Cybers\u00e9curit\u00e9 et Num\u00e9rique le vendredi 24 janvier 2025 \u00e0 #Dijon. \u27a1\ufe0f Professionnels de la cybers\u00e9curit\u00e9 et du num\u00e9rique, que vous soyez experts, utilisateurs, ou d\u00e9cideurs, issus du secteur priv\u00e9 ou public, venez nous rencontrer au #FCN2025 afin de  [&#8230;]<\/p>\n","protected":false},"author":7,"featured_media":26211,"comment_status":"closed","ping_status":"closed","sticky":false,"template":"","format":"standard","meta":{"footnotes":""},"categories":[28],"tags":[176,39,249,251,231,250],"class_list":["post-26210","post","type-post","status-publish","format-standard","has-post-thumbnail","hentry","category-communication-dentreprise","tag-cybersecurite","tag-dijon","tag-fcn2025","tag-forum","tag-ia","tag-numerique"],"yoast_head":"<!-- This site is optimized with the Yoast SEO plugin v27.5 - https:\/\/yoast.com\/product\/yoast-seo-wordpress\/ -->\n<title>AMG INFORMATIQUE exposant au Forum Cybers\u00e9curit\u00e9 et Num\u00e9rique le 24 janvier \u00e0 Dijon - AMG INFORMATIQUE - Expert en Cybers\u00e9curit\u00e9 et Solutions informatiques en Bourgogne Franche-Comt\u00e9<\/title>\n<meta name=\"description\" content=\"Toutes les actualit\u00e9s d&#039;AMG INFORMATIQUE \u00e0 Dijon et au Creusot\" \/>\n<meta name=\"robots\" content=\"index, follow, max-snippet:-1, max-image-preview:large, max-video-preview:-1\" \/>\n<link rel=\"canonical\" href=\"https:\/\/www.amg-informatique.fr\/w2\/amg-informatique-exposant-au-forum-cybersecurite-et-numerique-le-24-janvier-a-dijon\/\" \/>\n<meta property=\"og:locale\" content=\"fr_FR\" \/>\n<meta property=\"og:type\" content=\"article\" \/>\n<meta property=\"og:title\" content=\"AMG INFORMATIQUE exposant au Forum Cybers\u00e9curit\u00e9 et Num\u00e9rique le 24 janvier \u00e0 Dijon - AMG INFORMATIQUE - Expert en Cybers\u00e9curit\u00e9 et Solutions informatiques en Bourgogne Franche-Comt\u00e9\" \/>\n<meta property=\"og:description\" content=\"Toutes les actualit\u00e9s d&#039;AMG INFORMATIQUE \u00e0 Dijon et au Creusot\" \/>\n<meta property=\"og:url\" content=\"https:\/\/www.amg-informatique.fr\/w2\/amg-informatique-exposant-au-forum-cybersecurite-et-numerique-le-24-janvier-a-dijon\/\" \/>\n<meta property=\"og:site_name\" content=\"AMG INFORMATIQUE - Expert en Cybers\u00e9curit\u00e9 et Solutions informatiques en Bourgogne Franche-Comt\u00e9\" \/>\n<meta property=\"article:publisher\" content=\"https:\/\/www.facebook.com\/AMG.INFORMATIQUE\/\" \/>\n<meta property=\"article:published_time\" content=\"2025-01-08T16:52:24+00:00\" \/>\n<meta property=\"article:modified_time\" content=\"2025-01-20T16:55:29+00:00\" \/>\n<meta property=\"og:image\" content=\"https:\/\/www.amg-informatique.fr\/w2\/wp-content\/uploads\/1736330055141.jpg\" \/>\n\t<meta property=\"og:image:width\" content=\"1200\" \/>\n\t<meta property=\"og:image:height\" content=\"1200\" \/>\n\t<meta property=\"og:image:type\" content=\"image\/jpeg\" \/>\n<meta name=\"author\" content=\"AMG INFORMATIQUE\" \/>\n<meta name=\"twitter:card\" content=\"summary_large_image\" \/>\n<meta name=\"twitter:creator\" content=\"@AMGINFORMATIQUE\" \/>\n<meta name=\"twitter:site\" content=\"@AMGINFORMATIQUE\" \/>\n<meta name=\"twitter:label1\" content=\"\u00c9crit par\" \/>\n\t<meta name=\"twitter:data1\" content=\"AMG INFORMATIQUE\" \/>\n\t<meta name=\"twitter:label2\" content=\"Dur\u00e9e de lecture estim\u00e9e\" \/>\n\t<meta name=\"twitter:data2\" content=\"2 minutes\" \/>\n<script type=\"application\/ld+json\" class=\"yoast-schema-graph\">{\"@context\":\"https:\\\/\\\/schema.org\",\"@graph\":[{\"@type\":\"Article\",\"@id\":\"https:\\\/\\\/www.amg-informatique.fr\\\/w2\\\/amg-informatique-exposant-au-forum-cybersecurite-et-numerique-le-24-janvier-a-dijon\\\/#article\",\"isPartOf\":{\"@id\":\"https:\\\/\\\/www.amg-informatique.fr\\\/w2\\\/amg-informatique-exposant-au-forum-cybersecurite-et-numerique-le-24-janvier-a-dijon\\\/\"},\"author\":{\"name\":\"AMG INFORMATIQUE\",\"@id\":\"https:\\\/\\\/www.amg-informatique.fr\\\/w2\\\/#\\\/schema\\\/person\\\/abd28354df3fdad4a59d904d88579540\"},\"headline\":\"AMG INFORMATIQUE exposant au Forum Cybers\u00e9curit\u00e9 et Num\u00e9rique le 24 janvier \u00e0 Dijon\",\"datePublished\":\"2025-01-08T16:52:24+00:00\",\"dateModified\":\"2025-01-20T16:55:29+00:00\",\"mainEntityOfPage\":{\"@id\":\"https:\\\/\\\/www.amg-informatique.fr\\\/w2\\\/amg-informatique-exposant-au-forum-cybersecurite-et-numerique-le-24-janvier-a-dijon\\\/\"},\"wordCount\":229,\"publisher\":{\"@id\":\"https:\\\/\\\/www.amg-informatique.fr\\\/w2\\\/#organization\"},\"image\":{\"@id\":\"https:\\\/\\\/www.amg-informatique.fr\\\/w2\\\/amg-informatique-exposant-au-forum-cybersecurite-et-numerique-le-24-janvier-a-dijon\\\/#primaryimage\"},\"thumbnailUrl\":\"https:\\\/\\\/www.amg-informatique.fr\\\/w2\\\/wp-content\\\/uploads\\\/1736330055141.jpg\",\"keywords\":[\"#cybersecurite\",\"Dijon\",\"FCN2025\",\"forum\",\"ia\",\"numerique\"],\"articleSection\":[\"Communication d'entreprise\"],\"inLanguage\":\"fr-FR\"},{\"@type\":\"WebPage\",\"@id\":\"https:\\\/\\\/www.amg-informatique.fr\\\/w2\\\/amg-informatique-exposant-au-forum-cybersecurite-et-numerique-le-24-janvier-a-dijon\\\/\",\"url\":\"https:\\\/\\\/www.amg-informatique.fr\\\/w2\\\/amg-informatique-exposant-au-forum-cybersecurite-et-numerique-le-24-janvier-a-dijon\\\/\",\"name\":\"AMG INFORMATIQUE exposant au Forum Cybers\u00e9curit\u00e9 et Num\u00e9rique le 24 janvier \u00e0 Dijon - AMG INFORMATIQUE - Expert en Cybers\u00e9curit\u00e9 et Solutions informatiques en Bourgogne Franche-Comt\u00e9\",\"isPartOf\":{\"@id\":\"https:\\\/\\\/www.amg-informatique.fr\\\/w2\\\/#website\"},\"primaryImageOfPage\":{\"@id\":\"https:\\\/\\\/www.amg-informatique.fr\\\/w2\\\/amg-informatique-exposant-au-forum-cybersecurite-et-numerique-le-24-janvier-a-dijon\\\/#primaryimage\"},\"image\":{\"@id\":\"https:\\\/\\\/www.amg-informatique.fr\\\/w2\\\/amg-informatique-exposant-au-forum-cybersecurite-et-numerique-le-24-janvier-a-dijon\\\/#primaryimage\"},\"thumbnailUrl\":\"https:\\\/\\\/www.amg-informatique.fr\\\/w2\\\/wp-content\\\/uploads\\\/1736330055141.jpg\",\"datePublished\":\"2025-01-08T16:52:24+00:00\",\"dateModified\":\"2025-01-20T16:55:29+00:00\",\"description\":\"Toutes les actualit\u00e9s d'AMG INFORMATIQUE \u00e0 Dijon et au Creusot\",\"breadcrumb\":{\"@id\":\"https:\\\/\\\/www.amg-informatique.fr\\\/w2\\\/amg-informatique-exposant-au-forum-cybersecurite-et-numerique-le-24-janvier-a-dijon\\\/#breadcrumb\"},\"inLanguage\":\"fr-FR\",\"potentialAction\":[{\"@type\":\"ReadAction\",\"target\":[\"https:\\\/\\\/www.amg-informatique.fr\\\/w2\\\/amg-informatique-exposant-au-forum-cybersecurite-et-numerique-le-24-janvier-a-dijon\\\/\"]}]},{\"@type\":\"ImageObject\",\"inLanguage\":\"fr-FR\",\"@id\":\"https:\\\/\\\/www.amg-informatique.fr\\\/w2\\\/amg-informatique-exposant-au-forum-cybersecurite-et-numerique-le-24-janvier-a-dijon\\\/#primaryimage\",\"url\":\"https:\\\/\\\/www.amg-informatique.fr\\\/w2\\\/wp-content\\\/uploads\\\/1736330055141.jpg\",\"contentUrl\":\"https:\\\/\\\/www.amg-informatique.fr\\\/w2\\\/wp-content\\\/uploads\\\/1736330055141.jpg\",\"width\":1200,\"height\":1200,\"caption\":\"Forum Cybers\u00e9curit\u00e9 et Num\u00e9rique \u00e0 Dijon\"},{\"@type\":\"BreadcrumbList\",\"@id\":\"https:\\\/\\\/www.amg-informatique.fr\\\/w2\\\/amg-informatique-exposant-au-forum-cybersecurite-et-numerique-le-24-janvier-a-dijon\\\/#breadcrumb\",\"itemListElement\":[{\"@type\":\"ListItem\",\"position\":1,\"name\":\"Accueil\",\"item\":\"https:\\\/\\\/www.amg-informatique.fr\\\/w2\\\/\"},{\"@type\":\"ListItem\",\"position\":2,\"name\":\"AMG INFORMATIQUE exposant au Forum Cybers\u00e9curit\u00e9 et Num\u00e9rique le 24 janvier \u00e0 Dijon\"}]},{\"@type\":\"WebSite\",\"@id\":\"https:\\\/\\\/www.amg-informatique.fr\\\/w2\\\/#website\",\"url\":\"https:\\\/\\\/www.amg-informatique.fr\\\/w2\\\/\",\"name\":\"AMG INFORMATIQUE - Cybers\u00e9curit\u00e9\",\"description\":\"Cybers\u00e9curit\u00e9 et Solutions informatiques pour les professionnels \u00e0 Dijon (21) et au Creusot (71)\",\"publisher\":{\"@id\":\"https:\\\/\\\/www.amg-informatique.fr\\\/w2\\\/#organization\"},\"potentialAction\":[{\"@type\":\"SearchAction\",\"target\":{\"@type\":\"EntryPoint\",\"urlTemplate\":\"https:\\\/\\\/www.amg-informatique.fr\\\/w2\\\/?s={search_term_string}\"},\"query-input\":{\"@type\":\"PropertyValueSpecification\",\"valueRequired\":true,\"valueName\":\"search_term_string\"}}],\"inLanguage\":\"fr-FR\"},{\"@type\":\"Organization\",\"@id\":\"https:\\\/\\\/www.amg-informatique.fr\\\/w2\\\/#organization\",\"name\":\"AMG INFORMATIQUE - Expert Cybers\u00e9curit\u00e9 Bourgogne Franche-Comt\u00e9\",\"url\":\"https:\\\/\\\/www.amg-informatique.fr\\\/w2\\\/\",\"logo\":{\"@type\":\"ImageObject\",\"inLanguage\":\"fr-FR\",\"@id\":\"https:\\\/\\\/www.amg-informatique.fr\\\/w2\\\/#\\\/schema\\\/logo\\\/image\\\/\",\"url\":\"https:\\\/\\\/www.amg-informatique.fr\\\/w2\\\/wp-content\\\/uploads\\\/logoAMG-1.jpg\",\"contentUrl\":\"https:\\\/\\\/www.amg-informatique.fr\\\/w2\\\/wp-content\\\/uploads\\\/logoAMG-1.jpg\",\"width\":2139,\"height\":747,\"caption\":\"AMG INFORMATIQUE - Expert Cybers\u00e9curit\u00e9 Bourgogne Franche-Comt\u00e9\"},\"image\":{\"@id\":\"https:\\\/\\\/www.amg-informatique.fr\\\/w2\\\/#\\\/schema\\\/logo\\\/image\\\/\"},\"sameAs\":[\"https:\\\/\\\/www.facebook.com\\\/AMG.INFORMATIQUE\\\/\",\"https:\\\/\\\/x.com\\\/AMGINFORMATIQUE\",\"https:\\\/\\\/www.linkedin.com\\\/company\\\/amg-informatique\\\/\"]},{\"@type\":\"Person\",\"@id\":\"https:\\\/\\\/www.amg-informatique.fr\\\/w2\\\/#\\\/schema\\\/person\\\/abd28354df3fdad4a59d904d88579540\",\"name\":\"AMG INFORMATIQUE\",\"image\":{\"@type\":\"ImageObject\",\"inLanguage\":\"fr-FR\",\"@id\":\"https:\\\/\\\/secure.gravatar.com\\\/avatar\\\/a038a337a9e93bb21b11baf3f3f7e46de3a269dc6a2c84e5b8154ce875ce8fe8?s=96&d=mm&r=g\",\"url\":\"https:\\\/\\\/secure.gravatar.com\\\/avatar\\\/a038a337a9e93bb21b11baf3f3f7e46de3a269dc6a2c84e5b8154ce875ce8fe8?s=96&d=mm&r=g\",\"contentUrl\":\"https:\\\/\\\/secure.gravatar.com\\\/avatar\\\/a038a337a9e93bb21b11baf3f3f7e46de3a269dc6a2c84e5b8154ce875ce8fe8?s=96&d=mm&r=g\",\"caption\":\"AMG INFORMATIQUE\"},\"url\":\"https:\\\/\\\/www.amg-informatique.fr\\\/w2\\\/author\\\/amg-informatique\\\/\"}]}<\/script>\n<!-- \/ Yoast SEO plugin. -->","yoast_head_json":{"title":"AMG INFORMATIQUE exposant au Forum Cybers\u00e9curit\u00e9 et Num\u00e9rique le 24 janvier \u00e0 Dijon - AMG INFORMATIQUE - Expert en Cybers\u00e9curit\u00e9 et Solutions informatiques en Bourgogne Franche-Comt\u00e9","description":"Toutes les actualit\u00e9s d'AMG INFORMATIQUE \u00e0 Dijon et au Creusot","robots":{"index":"index","follow":"follow","max-snippet":"max-snippet:-1","max-image-preview":"max-image-preview:large","max-video-preview":"max-video-preview:-1"},"canonical":"https:\/\/www.amg-informatique.fr\/w2\/amg-informatique-exposant-au-forum-cybersecurite-et-numerique-le-24-janvier-a-dijon\/","og_locale":"fr_FR","og_type":"article","og_title":"AMG INFORMATIQUE exposant au Forum Cybers\u00e9curit\u00e9 et Num\u00e9rique le 24 janvier \u00e0 Dijon - AMG INFORMATIQUE - Expert en Cybers\u00e9curit\u00e9 et Solutions informatiques en Bourgogne Franche-Comt\u00e9","og_description":"Toutes les actualit\u00e9s d'AMG INFORMATIQUE \u00e0 Dijon et au Creusot","og_url":"https:\/\/www.amg-informatique.fr\/w2\/amg-informatique-exposant-au-forum-cybersecurite-et-numerique-le-24-janvier-a-dijon\/","og_site_name":"AMG INFORMATIQUE - Expert en Cybers\u00e9curit\u00e9 et Solutions informatiques en Bourgogne Franche-Comt\u00e9","article_publisher":"https:\/\/www.facebook.com\/AMG.INFORMATIQUE\/","article_published_time":"2025-01-08T16:52:24+00:00","article_modified_time":"2025-01-20T16:55:29+00:00","og_image":[{"width":1200,"height":1200,"url":"https:\/\/www.amg-informatique.fr\/w2\/wp-content\/uploads\/1736330055141.jpg","type":"image\/jpeg"}],"author":"AMG INFORMATIQUE","twitter_card":"summary_large_image","twitter_creator":"@AMGINFORMATIQUE","twitter_site":"@AMGINFORMATIQUE","twitter_misc":{"\u00c9crit par":"AMG INFORMATIQUE","Dur\u00e9e de lecture estim\u00e9e":"2 minutes"},"schema":{"@context":"https:\/\/schema.org","@graph":[{"@type":"Article","@id":"https:\/\/www.amg-informatique.fr\/w2\/amg-informatique-exposant-au-forum-cybersecurite-et-numerique-le-24-janvier-a-dijon\/#article","isPartOf":{"@id":"https:\/\/www.amg-informatique.fr\/w2\/amg-informatique-exposant-au-forum-cybersecurite-et-numerique-le-24-janvier-a-dijon\/"},"author":{"name":"AMG INFORMATIQUE","@id":"https:\/\/www.amg-informatique.fr\/w2\/#\/schema\/person\/abd28354df3fdad4a59d904d88579540"},"headline":"AMG INFORMATIQUE exposant au Forum Cybers\u00e9curit\u00e9 et Num\u00e9rique le 24 janvier \u00e0 Dijon","datePublished":"2025-01-08T16:52:24+00:00","dateModified":"2025-01-20T16:55:29+00:00","mainEntityOfPage":{"@id":"https:\/\/www.amg-informatique.fr\/w2\/amg-informatique-exposant-au-forum-cybersecurite-et-numerique-le-24-janvier-a-dijon\/"},"wordCount":229,"publisher":{"@id":"https:\/\/www.amg-informatique.fr\/w2\/#organization"},"image":{"@id":"https:\/\/www.amg-informatique.fr\/w2\/amg-informatique-exposant-au-forum-cybersecurite-et-numerique-le-24-janvier-a-dijon\/#primaryimage"},"thumbnailUrl":"https:\/\/www.amg-informatique.fr\/w2\/wp-content\/uploads\/1736330055141.jpg","keywords":["#cybersecurite","Dijon","FCN2025","forum","ia","numerique"],"articleSection":["Communication d'entreprise"],"inLanguage":"fr-FR"},{"@type":"WebPage","@id":"https:\/\/www.amg-informatique.fr\/w2\/amg-informatique-exposant-au-forum-cybersecurite-et-numerique-le-24-janvier-a-dijon\/","url":"https:\/\/www.amg-informatique.fr\/w2\/amg-informatique-exposant-au-forum-cybersecurite-et-numerique-le-24-janvier-a-dijon\/","name":"AMG INFORMATIQUE exposant au Forum Cybers\u00e9curit\u00e9 et Num\u00e9rique le 24 janvier \u00e0 Dijon - AMG INFORMATIQUE - Expert en Cybers\u00e9curit\u00e9 et Solutions informatiques en Bourgogne Franche-Comt\u00e9","isPartOf":{"@id":"https:\/\/www.amg-informatique.fr\/w2\/#website"},"primaryImageOfPage":{"@id":"https:\/\/www.amg-informatique.fr\/w2\/amg-informatique-exposant-au-forum-cybersecurite-et-numerique-le-24-janvier-a-dijon\/#primaryimage"},"image":{"@id":"https:\/\/www.amg-informatique.fr\/w2\/amg-informatique-exposant-au-forum-cybersecurite-et-numerique-le-24-janvier-a-dijon\/#primaryimage"},"thumbnailUrl":"https:\/\/www.amg-informatique.fr\/w2\/wp-content\/uploads\/1736330055141.jpg","datePublished":"2025-01-08T16:52:24+00:00","dateModified":"2025-01-20T16:55:29+00:00","description":"Toutes les actualit\u00e9s d'AMG INFORMATIQUE \u00e0 Dijon et au Creusot","breadcrumb":{"@id":"https:\/\/www.amg-informatique.fr\/w2\/amg-informatique-exposant-au-forum-cybersecurite-et-numerique-le-24-janvier-a-dijon\/#breadcrumb"},"inLanguage":"fr-FR","potentialAction":[{"@type":"ReadAction","target":["https:\/\/www.amg-informatique.fr\/w2\/amg-informatique-exposant-au-forum-cybersecurite-et-numerique-le-24-janvier-a-dijon\/"]}]},{"@type":"ImageObject","inLanguage":"fr-FR","@id":"https:\/\/www.amg-informatique.fr\/w2\/amg-informatique-exposant-au-forum-cybersecurite-et-numerique-le-24-janvier-a-dijon\/#primaryimage","url":"https:\/\/www.amg-informatique.fr\/w2\/wp-content\/uploads\/1736330055141.jpg","contentUrl":"https:\/\/www.amg-informatique.fr\/w2\/wp-content\/uploads\/1736330055141.jpg","width":1200,"height":1200,"caption":"Forum Cybers\u00e9curit\u00e9 et Num\u00e9rique \u00e0 Dijon"},{"@type":"BreadcrumbList","@id":"https:\/\/www.amg-informatique.fr\/w2\/amg-informatique-exposant-au-forum-cybersecurite-et-numerique-le-24-janvier-a-dijon\/#breadcrumb","itemListElement":[{"@type":"ListItem","position":1,"name":"Accueil","item":"https:\/\/www.amg-informatique.fr\/w2\/"},{"@type":"ListItem","position":2,"name":"AMG INFORMATIQUE exposant au Forum Cybers\u00e9curit\u00e9 et Num\u00e9rique le 24 janvier \u00e0 Dijon"}]},{"@type":"WebSite","@id":"https:\/\/www.amg-informatique.fr\/w2\/#website","url":"https:\/\/www.amg-informatique.fr\/w2\/","name":"AMG INFORMATIQUE - Cybers\u00e9curit\u00e9","description":"Cybers\u00e9curit\u00e9 et Solutions informatiques pour les professionnels \u00e0 Dijon (21) et au Creusot (71)","publisher":{"@id":"https:\/\/www.amg-informatique.fr\/w2\/#organization"},"potentialAction":[{"@type":"SearchAction","target":{"@type":"EntryPoint","urlTemplate":"https:\/\/www.amg-informatique.fr\/w2\/?s={search_term_string}"},"query-input":{"@type":"PropertyValueSpecification","valueRequired":true,"valueName":"search_term_string"}}],"inLanguage":"fr-FR"},{"@type":"Organization","@id":"https:\/\/www.amg-informatique.fr\/w2\/#organization","name":"AMG INFORMATIQUE - Expert Cybers\u00e9curit\u00e9 Bourgogne Franche-Comt\u00e9","url":"https:\/\/www.amg-informatique.fr\/w2\/","logo":{"@type":"ImageObject","inLanguage":"fr-FR","@id":"https:\/\/www.amg-informatique.fr\/w2\/#\/schema\/logo\/image\/","url":"https:\/\/www.amg-informatique.fr\/w2\/wp-content\/uploads\/logoAMG-1.jpg","contentUrl":"https:\/\/www.amg-informatique.fr\/w2\/wp-content\/uploads\/logoAMG-1.jpg","width":2139,"height":747,"caption":"AMG INFORMATIQUE - Expert Cybers\u00e9curit\u00e9 Bourgogne Franche-Comt\u00e9"},"image":{"@id":"https:\/\/www.amg-informatique.fr\/w2\/#\/schema\/logo\/image\/"},"sameAs":["https:\/\/www.facebook.com\/AMG.INFORMATIQUE\/","https:\/\/x.com\/AMGINFORMATIQUE","https:\/\/www.linkedin.com\/company\/amg-informatique\/"]},{"@type":"Person","@id":"https:\/\/www.amg-informatique.fr\/w2\/#\/schema\/person\/abd28354df3fdad4a59d904d88579540","name":"AMG INFORMATIQUE","image":{"@type":"ImageObject","inLanguage":"fr-FR","@id":"https:\/\/secure.gravatar.com\/avatar\/a038a337a9e93bb21b11baf3f3f7e46de3a269dc6a2c84e5b8154ce875ce8fe8?s=96&d=mm&r=g","url":"https:\/\/secure.gravatar.com\/avatar\/a038a337a9e93bb21b11baf3f3f7e46de3a269dc6a2c84e5b8154ce875ce8fe8?s=96&d=mm&r=g","contentUrl":"https:\/\/secure.gravatar.com\/avatar\/a038a337a9e93bb21b11baf3f3f7e46de3a269dc6a2c84e5b8154ce875ce8fe8?s=96&d=mm&r=g","caption":"AMG INFORMATIQUE"},"url":"https:\/\/www.amg-informatique.fr\/w2\/author\/amg-informatique\/"}]}},"_links":{"self":[{"href":"https:\/\/www.amg-informatique.fr\/w2\/wp-json\/wp\/v2\/posts\/26210","targetHints":{"allow":["GET"]}}],"collection":[{"href":"https:\/\/www.amg-informatique.fr\/w2\/wp-json\/wp\/v2\/posts"}],"about":[{"href":"https:\/\/www.amg-informatique.fr\/w2\/wp-json\/wp\/v2\/types\/post"}],"author":[{"embeddable":true,"href":"https:\/\/www.amg-informatique.fr\/w2\/wp-json\/wp\/v2\/users\/7"}],"replies":[{"embeddable":true,"href":"https:\/\/www.amg-informatique.fr\/w2\/wp-json\/wp\/v2\/comments?post=26210"}],"version-history":[{"count":2,"href":"https:\/\/www.amg-informatique.fr\/w2\/wp-json\/wp\/v2\/posts\/26210\/revisions"}],"predecessor-version":[{"id":26213,"href":"https:\/\/www.amg-informatique.fr\/w2\/wp-json\/wp\/v2\/posts\/26210\/revisions\/26213"}],"wp:featuredmedia":[{"embeddable":true,"href":"https:\/\/www.amg-informatique.fr\/w2\/wp-json\/wp\/v2\/media\/26211"}],"wp:attachment":[{"href":"https:\/\/www.amg-informatique.fr\/w2\/wp-json\/wp\/v2\/media?parent=26210"}],"wp:term":[{"taxonomy":"category","embeddable":true,"href":"https:\/\/www.amg-informatique.fr\/w2\/wp-json\/wp\/v2\/categories?post=26210"},{"taxonomy":"post_tag","embeddable":true,"href":"https:\/\/www.amg-informatique.fr\/w2\/wp-json\/wp\/v2\/tags?post=26210"}],"curies":[{"name":"wp","href":"https:\/\/api.w.org\/{rel}","templated":true}]}}