{"id":20981,"date":"2022-02-22T09:47:01","date_gmt":"2022-02-22T08:47:01","guid":{"rendered":"https:\/\/amg-informatique.fr\/w2\/?p=20981"},"modified":"2022-02-22T09:55:10","modified_gmt":"2022-02-22T08:55:10","slug":"le-saviez-vous-amg-informatique-est-referencee-sur-cybermalveillance-gouv-fr-depuis-2019","status":"publish","type":"post","link":"https:\/\/www.amg-informatique.fr\/w2\/le-saviez-vous-amg-informatique-est-referencee-sur-cybermalveillance-gouv-fr-depuis-2019\/","title":{"rendered":"AMG INFORMATIQUE est r\u00e9f\u00e9renc\u00e9e sur Cybermalveillance.gouv.fr depuis 2019"},"content":{"rendered":"<p>[LE SAVIEZ-VOUS ?] AMG INFORMATIQUE est r\u00e9f\u00e9renc\u00e9e sur Cybermalveillance.gouv.fr depuis 2019 !<strong><br \/>\n<\/strong><\/p>\n<h2>Cybermalveillance.gouv.fr, c\u2019est quoi\u00a0?<\/h2>\n<p>Lanc\u00e9 en 2017, Cybermalveillance.gouv.fr est un dispositif national d\u2019assistance aux entreprises, particuliers et collectivit\u00e9s, victimes d\u2019actes de cybermalveillance et de sensibilisation des publics aux risques num\u00e9riques.<\/p>\n<p>Ainsi, toute victime d\u2019une attaque ou d\u2019une tentative peut via la plateforme demander aide et assistance aupr\u00e8s d\u2019un professionnel r\u00e9f\u00e9renc\u00e9.<\/p>\n<p>&nbsp;<\/p>\n<h2>Qu\u2019est-ce qu\u2019un professionnel en s\u00e9curit\u00e9 informatique r\u00e9f\u00e9renc\u00e9 par Cybermalveillance.gouv.fr ?<\/h2>\n<p>Pour venir en aide aux victimes, le <a href=\"https:\/\/www.cybermalveillance.gouv.fr\/tous-nos-contenus\/a-propos\/qui-sommes-nous\" target=\"_blank\" rel=\"noopener\">GIP ACYMA<\/a> (ou Groupement d\u2019Int\u00e9r\u00eat Public Action contre la Cybermalveillance) a constitu\u00e9 un r\u00e9seau de professionnels en s\u00e9curit\u00e9 informatique implant\u00e9 sur l\u2019ensemble du territoire national.<\/p>\n<p>Une fois r\u00e9f\u00e9renc\u00e9s, ces professionnels peuvent \u00eatre mis en relation avec des victimes via la plateforme afin de leur porter assistance sur les incidents de s\u00e9curit\u00e9 qu\u2019ils rencontrent.<\/p>\n<p>AMG INFORMATIQUE est r\u00e9f\u00e9renc\u00e9e comme professionnel de la s\u00e9curit\u00e9 informatique sur la plateforme <a href=\"https:\/\/www.cybermalveillance.gouv.fr\/\" target=\"_blank\" rel=\"noopener\">cybermalveillance.gouv.fr<\/a> depuis le 20 mars 2019.<\/p>\n<h3><u>Quelles sont les missions d\u2019un professionnel r\u00e9f\u00e9renc\u00e9 ? <\/u><\/h3>\n<p>En tant que partenaires du dispositif Cybermalveillance.gouv.fr, les professionnels en s\u00e9curit\u00e9 informatique participent \u00e0 une mission d\u2019int\u00e9r\u00eat g\u00e9n\u00e9ral qui s\u2019articule autour de trois axes cl\u00e9s :<\/p>\n<ul>\n<li><strong>Assister les victimes de cyberattaques :<\/strong> en agissant directement et concr\u00e8tement sur le terrain aupr\u00e8s des victimes qu\u2019ils assistent. Ils sont ainsi le premier rempart de la cha\u00eene de la cybers\u00e9curit\u00e9.<\/li>\n<\/ul>\n<ul>\n<li><strong>Sensibiliser les diff\u00e9rents publics sur la s\u00e9curit\u00e9 informatique :<\/strong> en tant que prestataires r\u00e9f\u00e9renc\u00e9s, les professionnels en s\u00e9curit\u00e9 informatique se positionnent comme des vecteurs de sensibilisation de proximit\u00e9 au risque num\u00e9rique. Ils partagent par exemple les contenus produits par le dispositif.<\/li>\n<\/ul>\n<ul>\n<li><strong>Contribuer \u00e0 la lutte contre les cybermalveillances :<\/strong> en remontant leurs observations vers le dispositif gr\u00e2ce \u00e0 leurs rapports d\u2019intervention. Permet \u00e0 la plateforme d\u2019adapter ses messages de pr\u00e9vention et d\u2019initier les actions n\u00e9cessaires.<\/li>\n<\/ul>\n<p>&nbsp;<\/p>\n<h2>Quels sont les domaines d\u2019intervention des professionnels en s\u00e9curit\u00e9 informatique r\u00e9f\u00e9renc\u00e9s par Cybermalveillance.gouv.fr ?<\/h2>\n<p>L\u2019expertise des professionnels en s\u00e9curit\u00e9 informatique r\u00e9f\u00e9renc\u00e9s couvre trois domaines :<\/p>\n<ul>\n<li><strong>L\u2019analyse de la nature des incidents de s\u00e9curit\u00e9<\/strong> et de leurs causes.<\/li>\n<\/ul>\n<ul>\n<li><strong>La mise en \u0153uvre des mesures techniques<\/strong> permettant de circonscrire l\u2019incident.<\/li>\n<\/ul>\n<ul>\n<li><strong>La remise en service des syst\u00e8mes impact\u00e9s<\/strong> dans des conditions de s\u00e9curit\u00e9 acceptables.<\/li>\n<\/ul>\n<p>L\u2019assistance que propose cette plateforme s\u2019adresse aux professionnels ainsi qu\u2019aux particuliers.<\/p>\n","protected":false},"excerpt":{"rendered":"<p>[LE SAVIEZ-VOUS ?] AMG INFORMATIQUE est r\u00e9f\u00e9renc\u00e9e sur Cybermalveillance.gouv.fr depuis 2019 ! Cybermalveillance.gouv.fr, c\u2019est quoi\u00a0? Lanc\u00e9 en 2017, Cybermalveillance.gouv.fr est un dispositif national d\u2019assistance aux entreprises, particuliers et collectivit\u00e9s, victimes d\u2019actes de cybermalveillance et de sensibilisation des publics aux risques num\u00e9riques. Ainsi, toute victime d\u2019une attaque ou d\u2019une tentative peut via la plateforme demander aide  [&#8230;]<\/p>\n","protected":false},"author":7,"featured_media":20982,"comment_status":"closed","ping_status":"closed","sticky":false,"template":"","format":"standard","meta":{"footnotes":""},"categories":[28],"tags":[],"class_list":["post-20981","post","type-post","status-publish","format-standard","has-post-thumbnail","hentry","category-communication-dentreprise"],"yoast_head":"<!-- This site is optimized with the Yoast SEO plugin v27.4 - https:\/\/yoast.com\/product\/yoast-seo-wordpress\/ -->\n<title>AMG INFORMATIQUE est r\u00e9f\u00e9renc\u00e9e sur Cybermalveillance.gouv.fr depuis 2019 - AMG INFORMATIQUE - Expert en Cybers\u00e9curit\u00e9 et Solutions informatiques en Bourgogne Franche-Comt\u00e9<\/title>\n<meta name=\"description\" content=\"Toutes les actualit\u00e9s d&#039;AMG INFORMATIQUE \u00e0 Dijon et au Creusot\" \/>\n<meta name=\"robots\" content=\"index, follow, max-snippet:-1, max-image-preview:large, max-video-preview:-1\" \/>\n<link rel=\"canonical\" href=\"https:\/\/www.amg-informatique.fr\/w2\/le-saviez-vous-amg-informatique-est-referencee-sur-cybermalveillance-gouv-fr-depuis-2019\/\" \/>\n<meta property=\"og:locale\" content=\"fr_FR\" \/>\n<meta property=\"og:type\" content=\"article\" \/>\n<meta property=\"og:title\" content=\"AMG INFORMATIQUE est r\u00e9f\u00e9renc\u00e9e sur Cybermalveillance.gouv.fr depuis 2019 - AMG INFORMATIQUE - Expert en Cybers\u00e9curit\u00e9 et Solutions informatiques en Bourgogne Franche-Comt\u00e9\" \/>\n<meta property=\"og:description\" content=\"Toutes les actualit\u00e9s d&#039;AMG INFORMATIQUE \u00e0 Dijon et au Creusot\" \/>\n<meta property=\"og:url\" content=\"https:\/\/www.amg-informatique.fr\/w2\/le-saviez-vous-amg-informatique-est-referencee-sur-cybermalveillance-gouv-fr-depuis-2019\/\" \/>\n<meta property=\"og:site_name\" content=\"AMG INFORMATIQUE - Expert en Cybers\u00e9curit\u00e9 et Solutions informatiques en Bourgogne Franche-Comt\u00e9\" \/>\n<meta property=\"article:publisher\" content=\"https:\/\/www.facebook.com\/AMG.INFORMATIQUE\/\" \/>\n<meta property=\"article:published_time\" content=\"2022-02-22T08:47:01+00:00\" \/>\n<meta property=\"article:modified_time\" content=\"2022-02-22T08:55:10+00:00\" \/>\n<meta property=\"og:image\" content=\"https:\/\/www.amg-informatique.fr\/w2\/wp-content\/uploads\/AMG_Informatique_referencee_sur_la_plateforme_cybermalveillance.png\" \/>\n\t<meta property=\"og:image:width\" content=\"1000\" \/>\n\t<meta property=\"og:image:height\" content=\"752\" \/>\n\t<meta property=\"og:image:type\" content=\"image\/png\" \/>\n<meta name=\"author\" content=\"AMG INFORMATIQUE\" \/>\n<meta name=\"twitter:card\" content=\"summary_large_image\" \/>\n<meta name=\"twitter:creator\" content=\"@AMGINFORMATIQUE\" \/>\n<meta name=\"twitter:site\" content=\"@AMGINFORMATIQUE\" \/>\n<meta name=\"twitter:label1\" content=\"\u00c9crit par\" \/>\n\t<meta name=\"twitter:data1\" content=\"AMG INFORMATIQUE\" \/>\n\t<meta name=\"twitter:label2\" content=\"Dur\u00e9e de lecture estim\u00e9e\" \/>\n\t<meta name=\"twitter:data2\" content=\"2 minutes\" \/>\n<script type=\"application\/ld+json\" class=\"yoast-schema-graph\">{\"@context\":\"https:\\\/\\\/schema.org\",\"@graph\":[{\"@type\":\"Article\",\"@id\":\"https:\\\/\\\/www.amg-informatique.fr\\\/w2\\\/le-saviez-vous-amg-informatique-est-referencee-sur-cybermalveillance-gouv-fr-depuis-2019\\\/#article\",\"isPartOf\":{\"@id\":\"https:\\\/\\\/www.amg-informatique.fr\\\/w2\\\/le-saviez-vous-amg-informatique-est-referencee-sur-cybermalveillance-gouv-fr-depuis-2019\\\/\"},\"author\":{\"name\":\"AMG INFORMATIQUE\",\"@id\":\"https:\\\/\\\/www.amg-informatique.fr\\\/w2\\\/#\\\/schema\\\/person\\\/abd28354df3fdad4a59d904d88579540\"},\"headline\":\"AMG INFORMATIQUE est r\u00e9f\u00e9renc\u00e9e sur Cybermalveillance.gouv.fr depuis 2019\",\"datePublished\":\"2022-02-22T08:47:01+00:00\",\"dateModified\":\"2022-02-22T08:55:10+00:00\",\"mainEntityOfPage\":{\"@id\":\"https:\\\/\\\/www.amg-informatique.fr\\\/w2\\\/le-saviez-vous-amg-informatique-est-referencee-sur-cybermalveillance-gouv-fr-depuis-2019\\\/\"},\"wordCount\":454,\"publisher\":{\"@id\":\"https:\\\/\\\/www.amg-informatique.fr\\\/w2\\\/#organization\"},\"image\":{\"@id\":\"https:\\\/\\\/www.amg-informatique.fr\\\/w2\\\/le-saviez-vous-amg-informatique-est-referencee-sur-cybermalveillance-gouv-fr-depuis-2019\\\/#primaryimage\"},\"thumbnailUrl\":\"https:\\\/\\\/www.amg-informatique.fr\\\/w2\\\/wp-content\\\/uploads\\\/AMG_Informatique_referencee_sur_la_plateforme_cybermalveillance.png\",\"articleSection\":[\"Communication d'entreprise\"],\"inLanguage\":\"fr-FR\"},{\"@type\":\"WebPage\",\"@id\":\"https:\\\/\\\/www.amg-informatique.fr\\\/w2\\\/le-saviez-vous-amg-informatique-est-referencee-sur-cybermalveillance-gouv-fr-depuis-2019\\\/\",\"url\":\"https:\\\/\\\/www.amg-informatique.fr\\\/w2\\\/le-saviez-vous-amg-informatique-est-referencee-sur-cybermalveillance-gouv-fr-depuis-2019\\\/\",\"name\":\"AMG INFORMATIQUE est r\u00e9f\u00e9renc\u00e9e sur Cybermalveillance.gouv.fr depuis 2019 - AMG INFORMATIQUE - Expert en Cybers\u00e9curit\u00e9 et Solutions informatiques en Bourgogne Franche-Comt\u00e9\",\"isPartOf\":{\"@id\":\"https:\\\/\\\/www.amg-informatique.fr\\\/w2\\\/#website\"},\"primaryImageOfPage\":{\"@id\":\"https:\\\/\\\/www.amg-informatique.fr\\\/w2\\\/le-saviez-vous-amg-informatique-est-referencee-sur-cybermalveillance-gouv-fr-depuis-2019\\\/#primaryimage\"},\"image\":{\"@id\":\"https:\\\/\\\/www.amg-informatique.fr\\\/w2\\\/le-saviez-vous-amg-informatique-est-referencee-sur-cybermalveillance-gouv-fr-depuis-2019\\\/#primaryimage\"},\"thumbnailUrl\":\"https:\\\/\\\/www.amg-informatique.fr\\\/w2\\\/wp-content\\\/uploads\\\/AMG_Informatique_referencee_sur_la_plateforme_cybermalveillance.png\",\"datePublished\":\"2022-02-22T08:47:01+00:00\",\"dateModified\":\"2022-02-22T08:55:10+00:00\",\"description\":\"Toutes les actualit\u00e9s d'AMG INFORMATIQUE \u00e0 Dijon et au Creusot\",\"breadcrumb\":{\"@id\":\"https:\\\/\\\/www.amg-informatique.fr\\\/w2\\\/le-saviez-vous-amg-informatique-est-referencee-sur-cybermalveillance-gouv-fr-depuis-2019\\\/#breadcrumb\"},\"inLanguage\":\"fr-FR\",\"potentialAction\":[{\"@type\":\"ReadAction\",\"target\":[\"https:\\\/\\\/www.amg-informatique.fr\\\/w2\\\/le-saviez-vous-amg-informatique-est-referencee-sur-cybermalveillance-gouv-fr-depuis-2019\\\/\"]}]},{\"@type\":\"ImageObject\",\"inLanguage\":\"fr-FR\",\"@id\":\"https:\\\/\\\/www.amg-informatique.fr\\\/w2\\\/le-saviez-vous-amg-informatique-est-referencee-sur-cybermalveillance-gouv-fr-depuis-2019\\\/#primaryimage\",\"url\":\"https:\\\/\\\/www.amg-informatique.fr\\\/w2\\\/wp-content\\\/uploads\\\/AMG_Informatique_referencee_sur_la_plateforme_cybermalveillance.png\",\"contentUrl\":\"https:\\\/\\\/www.amg-informatique.fr\\\/w2\\\/wp-content\\\/uploads\\\/AMG_Informatique_referencee_sur_la_plateforme_cybermalveillance.png\",\"width\":1000,\"height\":752},{\"@type\":\"BreadcrumbList\",\"@id\":\"https:\\\/\\\/www.amg-informatique.fr\\\/w2\\\/le-saviez-vous-amg-informatique-est-referencee-sur-cybermalveillance-gouv-fr-depuis-2019\\\/#breadcrumb\",\"itemListElement\":[{\"@type\":\"ListItem\",\"position\":1,\"name\":\"Accueil\",\"item\":\"https:\\\/\\\/www.amg-informatique.fr\\\/w2\\\/\"},{\"@type\":\"ListItem\",\"position\":2,\"name\":\"AMG INFORMATIQUE est r\u00e9f\u00e9renc\u00e9e sur Cybermalveillance.gouv.fr depuis 2019\"}]},{\"@type\":\"WebSite\",\"@id\":\"https:\\\/\\\/www.amg-informatique.fr\\\/w2\\\/#website\",\"url\":\"https:\\\/\\\/www.amg-informatique.fr\\\/w2\\\/\",\"name\":\"AMG INFORMATIQUE - Cybers\u00e9curit\u00e9\",\"description\":\"Cybers\u00e9curit\u00e9 et Solutions informatiques pour les professionnels \u00e0 Dijon (21) et au Creusot (71)\",\"publisher\":{\"@id\":\"https:\\\/\\\/www.amg-informatique.fr\\\/w2\\\/#organization\"},\"potentialAction\":[{\"@type\":\"SearchAction\",\"target\":{\"@type\":\"EntryPoint\",\"urlTemplate\":\"https:\\\/\\\/www.amg-informatique.fr\\\/w2\\\/?s={search_term_string}\"},\"query-input\":{\"@type\":\"PropertyValueSpecification\",\"valueRequired\":true,\"valueName\":\"search_term_string\"}}],\"inLanguage\":\"fr-FR\"},{\"@type\":\"Organization\",\"@id\":\"https:\\\/\\\/www.amg-informatique.fr\\\/w2\\\/#organization\",\"name\":\"AMG INFORMATIQUE - Expert Cybers\u00e9curit\u00e9 Bourgogne Franche-Comt\u00e9\",\"url\":\"https:\\\/\\\/www.amg-informatique.fr\\\/w2\\\/\",\"logo\":{\"@type\":\"ImageObject\",\"inLanguage\":\"fr-FR\",\"@id\":\"https:\\\/\\\/www.amg-informatique.fr\\\/w2\\\/#\\\/schema\\\/logo\\\/image\\\/\",\"url\":\"https:\\\/\\\/www.amg-informatique.fr\\\/w2\\\/wp-content\\\/uploads\\\/logoAMG-1.jpg\",\"contentUrl\":\"https:\\\/\\\/www.amg-informatique.fr\\\/w2\\\/wp-content\\\/uploads\\\/logoAMG-1.jpg\",\"width\":2139,\"height\":747,\"caption\":\"AMG INFORMATIQUE - Expert Cybers\u00e9curit\u00e9 Bourgogne Franche-Comt\u00e9\"},\"image\":{\"@id\":\"https:\\\/\\\/www.amg-informatique.fr\\\/w2\\\/#\\\/schema\\\/logo\\\/image\\\/\"},\"sameAs\":[\"https:\\\/\\\/www.facebook.com\\\/AMG.INFORMATIQUE\\\/\",\"https:\\\/\\\/x.com\\\/AMGINFORMATIQUE\",\"https:\\\/\\\/www.linkedin.com\\\/company\\\/amg-informatique\\\/\"]},{\"@type\":\"Person\",\"@id\":\"https:\\\/\\\/www.amg-informatique.fr\\\/w2\\\/#\\\/schema\\\/person\\\/abd28354df3fdad4a59d904d88579540\",\"name\":\"AMG INFORMATIQUE\",\"image\":{\"@type\":\"ImageObject\",\"inLanguage\":\"fr-FR\",\"@id\":\"https:\\\/\\\/secure.gravatar.com\\\/avatar\\\/a038a337a9e93bb21b11baf3f3f7e46de3a269dc6a2c84e5b8154ce875ce8fe8?s=96&d=mm&r=g\",\"url\":\"https:\\\/\\\/secure.gravatar.com\\\/avatar\\\/a038a337a9e93bb21b11baf3f3f7e46de3a269dc6a2c84e5b8154ce875ce8fe8?s=96&d=mm&r=g\",\"contentUrl\":\"https:\\\/\\\/secure.gravatar.com\\\/avatar\\\/a038a337a9e93bb21b11baf3f3f7e46de3a269dc6a2c84e5b8154ce875ce8fe8?s=96&d=mm&r=g\",\"caption\":\"AMG INFORMATIQUE\"},\"url\":\"https:\\\/\\\/www.amg-informatique.fr\\\/w2\\\/author\\\/amg-informatique\\\/\"}]}<\/script>\n<!-- \/ Yoast SEO plugin. -->","yoast_head_json":{"title":"AMG INFORMATIQUE est r\u00e9f\u00e9renc\u00e9e sur Cybermalveillance.gouv.fr depuis 2019 - AMG INFORMATIQUE - Expert en Cybers\u00e9curit\u00e9 et Solutions informatiques en Bourgogne Franche-Comt\u00e9","description":"Toutes les actualit\u00e9s d'AMG INFORMATIQUE \u00e0 Dijon et au Creusot","robots":{"index":"index","follow":"follow","max-snippet":"max-snippet:-1","max-image-preview":"max-image-preview:large","max-video-preview":"max-video-preview:-1"},"canonical":"https:\/\/www.amg-informatique.fr\/w2\/le-saviez-vous-amg-informatique-est-referencee-sur-cybermalveillance-gouv-fr-depuis-2019\/","og_locale":"fr_FR","og_type":"article","og_title":"AMG INFORMATIQUE est r\u00e9f\u00e9renc\u00e9e sur Cybermalveillance.gouv.fr depuis 2019 - AMG INFORMATIQUE - Expert en Cybers\u00e9curit\u00e9 et Solutions informatiques en Bourgogne Franche-Comt\u00e9","og_description":"Toutes les actualit\u00e9s d'AMG INFORMATIQUE \u00e0 Dijon et au Creusot","og_url":"https:\/\/www.amg-informatique.fr\/w2\/le-saviez-vous-amg-informatique-est-referencee-sur-cybermalveillance-gouv-fr-depuis-2019\/","og_site_name":"AMG INFORMATIQUE - Expert en Cybers\u00e9curit\u00e9 et Solutions informatiques en Bourgogne Franche-Comt\u00e9","article_publisher":"https:\/\/www.facebook.com\/AMG.INFORMATIQUE\/","article_published_time":"2022-02-22T08:47:01+00:00","article_modified_time":"2022-02-22T08:55:10+00:00","og_image":[{"width":1000,"height":752,"url":"https:\/\/www.amg-informatique.fr\/w2\/wp-content\/uploads\/AMG_Informatique_referencee_sur_la_plateforme_cybermalveillance.png","type":"image\/png"}],"author":"AMG INFORMATIQUE","twitter_card":"summary_large_image","twitter_creator":"@AMGINFORMATIQUE","twitter_site":"@AMGINFORMATIQUE","twitter_misc":{"\u00c9crit par":"AMG INFORMATIQUE","Dur\u00e9e de lecture estim\u00e9e":"2 minutes"},"schema":{"@context":"https:\/\/schema.org","@graph":[{"@type":"Article","@id":"https:\/\/www.amg-informatique.fr\/w2\/le-saviez-vous-amg-informatique-est-referencee-sur-cybermalveillance-gouv-fr-depuis-2019\/#article","isPartOf":{"@id":"https:\/\/www.amg-informatique.fr\/w2\/le-saviez-vous-amg-informatique-est-referencee-sur-cybermalveillance-gouv-fr-depuis-2019\/"},"author":{"name":"AMG INFORMATIQUE","@id":"https:\/\/www.amg-informatique.fr\/w2\/#\/schema\/person\/abd28354df3fdad4a59d904d88579540"},"headline":"AMG INFORMATIQUE est r\u00e9f\u00e9renc\u00e9e sur Cybermalveillance.gouv.fr depuis 2019","datePublished":"2022-02-22T08:47:01+00:00","dateModified":"2022-02-22T08:55:10+00:00","mainEntityOfPage":{"@id":"https:\/\/www.amg-informatique.fr\/w2\/le-saviez-vous-amg-informatique-est-referencee-sur-cybermalveillance-gouv-fr-depuis-2019\/"},"wordCount":454,"publisher":{"@id":"https:\/\/www.amg-informatique.fr\/w2\/#organization"},"image":{"@id":"https:\/\/www.amg-informatique.fr\/w2\/le-saviez-vous-amg-informatique-est-referencee-sur-cybermalveillance-gouv-fr-depuis-2019\/#primaryimage"},"thumbnailUrl":"https:\/\/www.amg-informatique.fr\/w2\/wp-content\/uploads\/AMG_Informatique_referencee_sur_la_plateforme_cybermalveillance.png","articleSection":["Communication d'entreprise"],"inLanguage":"fr-FR"},{"@type":"WebPage","@id":"https:\/\/www.amg-informatique.fr\/w2\/le-saviez-vous-amg-informatique-est-referencee-sur-cybermalveillance-gouv-fr-depuis-2019\/","url":"https:\/\/www.amg-informatique.fr\/w2\/le-saviez-vous-amg-informatique-est-referencee-sur-cybermalveillance-gouv-fr-depuis-2019\/","name":"AMG INFORMATIQUE est r\u00e9f\u00e9renc\u00e9e sur Cybermalveillance.gouv.fr depuis 2019 - AMG INFORMATIQUE - Expert en Cybers\u00e9curit\u00e9 et Solutions informatiques en Bourgogne Franche-Comt\u00e9","isPartOf":{"@id":"https:\/\/www.amg-informatique.fr\/w2\/#website"},"primaryImageOfPage":{"@id":"https:\/\/www.amg-informatique.fr\/w2\/le-saviez-vous-amg-informatique-est-referencee-sur-cybermalveillance-gouv-fr-depuis-2019\/#primaryimage"},"image":{"@id":"https:\/\/www.amg-informatique.fr\/w2\/le-saviez-vous-amg-informatique-est-referencee-sur-cybermalveillance-gouv-fr-depuis-2019\/#primaryimage"},"thumbnailUrl":"https:\/\/www.amg-informatique.fr\/w2\/wp-content\/uploads\/AMG_Informatique_referencee_sur_la_plateforme_cybermalveillance.png","datePublished":"2022-02-22T08:47:01+00:00","dateModified":"2022-02-22T08:55:10+00:00","description":"Toutes les actualit\u00e9s d'AMG INFORMATIQUE \u00e0 Dijon et au Creusot","breadcrumb":{"@id":"https:\/\/www.amg-informatique.fr\/w2\/le-saviez-vous-amg-informatique-est-referencee-sur-cybermalveillance-gouv-fr-depuis-2019\/#breadcrumb"},"inLanguage":"fr-FR","potentialAction":[{"@type":"ReadAction","target":["https:\/\/www.amg-informatique.fr\/w2\/le-saviez-vous-amg-informatique-est-referencee-sur-cybermalveillance-gouv-fr-depuis-2019\/"]}]},{"@type":"ImageObject","inLanguage":"fr-FR","@id":"https:\/\/www.amg-informatique.fr\/w2\/le-saviez-vous-amg-informatique-est-referencee-sur-cybermalveillance-gouv-fr-depuis-2019\/#primaryimage","url":"https:\/\/www.amg-informatique.fr\/w2\/wp-content\/uploads\/AMG_Informatique_referencee_sur_la_plateforme_cybermalveillance.png","contentUrl":"https:\/\/www.amg-informatique.fr\/w2\/wp-content\/uploads\/AMG_Informatique_referencee_sur_la_plateforme_cybermalveillance.png","width":1000,"height":752},{"@type":"BreadcrumbList","@id":"https:\/\/www.amg-informatique.fr\/w2\/le-saviez-vous-amg-informatique-est-referencee-sur-cybermalveillance-gouv-fr-depuis-2019\/#breadcrumb","itemListElement":[{"@type":"ListItem","position":1,"name":"Accueil","item":"https:\/\/www.amg-informatique.fr\/w2\/"},{"@type":"ListItem","position":2,"name":"AMG INFORMATIQUE est r\u00e9f\u00e9renc\u00e9e sur Cybermalveillance.gouv.fr depuis 2019"}]},{"@type":"WebSite","@id":"https:\/\/www.amg-informatique.fr\/w2\/#website","url":"https:\/\/www.amg-informatique.fr\/w2\/","name":"AMG INFORMATIQUE - Cybers\u00e9curit\u00e9","description":"Cybers\u00e9curit\u00e9 et Solutions informatiques pour les professionnels \u00e0 Dijon (21) et au Creusot (71)","publisher":{"@id":"https:\/\/www.amg-informatique.fr\/w2\/#organization"},"potentialAction":[{"@type":"SearchAction","target":{"@type":"EntryPoint","urlTemplate":"https:\/\/www.amg-informatique.fr\/w2\/?s={search_term_string}"},"query-input":{"@type":"PropertyValueSpecification","valueRequired":true,"valueName":"search_term_string"}}],"inLanguage":"fr-FR"},{"@type":"Organization","@id":"https:\/\/www.amg-informatique.fr\/w2\/#organization","name":"AMG INFORMATIQUE - Expert Cybers\u00e9curit\u00e9 Bourgogne Franche-Comt\u00e9","url":"https:\/\/www.amg-informatique.fr\/w2\/","logo":{"@type":"ImageObject","inLanguage":"fr-FR","@id":"https:\/\/www.amg-informatique.fr\/w2\/#\/schema\/logo\/image\/","url":"https:\/\/www.amg-informatique.fr\/w2\/wp-content\/uploads\/logoAMG-1.jpg","contentUrl":"https:\/\/www.amg-informatique.fr\/w2\/wp-content\/uploads\/logoAMG-1.jpg","width":2139,"height":747,"caption":"AMG INFORMATIQUE - Expert Cybers\u00e9curit\u00e9 Bourgogne Franche-Comt\u00e9"},"image":{"@id":"https:\/\/www.amg-informatique.fr\/w2\/#\/schema\/logo\/image\/"},"sameAs":["https:\/\/www.facebook.com\/AMG.INFORMATIQUE\/","https:\/\/x.com\/AMGINFORMATIQUE","https:\/\/www.linkedin.com\/company\/amg-informatique\/"]},{"@type":"Person","@id":"https:\/\/www.amg-informatique.fr\/w2\/#\/schema\/person\/abd28354df3fdad4a59d904d88579540","name":"AMG INFORMATIQUE","image":{"@type":"ImageObject","inLanguage":"fr-FR","@id":"https:\/\/secure.gravatar.com\/avatar\/a038a337a9e93bb21b11baf3f3f7e46de3a269dc6a2c84e5b8154ce875ce8fe8?s=96&d=mm&r=g","url":"https:\/\/secure.gravatar.com\/avatar\/a038a337a9e93bb21b11baf3f3f7e46de3a269dc6a2c84e5b8154ce875ce8fe8?s=96&d=mm&r=g","contentUrl":"https:\/\/secure.gravatar.com\/avatar\/a038a337a9e93bb21b11baf3f3f7e46de3a269dc6a2c84e5b8154ce875ce8fe8?s=96&d=mm&r=g","caption":"AMG INFORMATIQUE"},"url":"https:\/\/www.amg-informatique.fr\/w2\/author\/amg-informatique\/"}]}},"_links":{"self":[{"href":"https:\/\/www.amg-informatique.fr\/w2\/wp-json\/wp\/v2\/posts\/20981","targetHints":{"allow":["GET"]}}],"collection":[{"href":"https:\/\/www.amg-informatique.fr\/w2\/wp-json\/wp\/v2\/posts"}],"about":[{"href":"https:\/\/www.amg-informatique.fr\/w2\/wp-json\/wp\/v2\/types\/post"}],"author":[{"embeddable":true,"href":"https:\/\/www.amg-informatique.fr\/w2\/wp-json\/wp\/v2\/users\/7"}],"replies":[{"embeddable":true,"href":"https:\/\/www.amg-informatique.fr\/w2\/wp-json\/wp\/v2\/comments?post=20981"}],"version-history":[{"count":9,"href":"https:\/\/www.amg-informatique.fr\/w2\/wp-json\/wp\/v2\/posts\/20981\/revisions"}],"predecessor-version":[{"id":21784,"href":"https:\/\/www.amg-informatique.fr\/w2\/wp-json\/wp\/v2\/posts\/20981\/revisions\/21784"}],"wp:featuredmedia":[{"embeddable":true,"href":"https:\/\/www.amg-informatique.fr\/w2\/wp-json\/wp\/v2\/media\/20982"}],"wp:attachment":[{"href":"https:\/\/www.amg-informatique.fr\/w2\/wp-json\/wp\/v2\/media?parent=20981"}],"wp:term":[{"taxonomy":"category","embeddable":true,"href":"https:\/\/www.amg-informatique.fr\/w2\/wp-json\/wp\/v2\/categories?post=20981"},{"taxonomy":"post_tag","embeddable":true,"href":"https:\/\/www.amg-informatique.fr\/w2\/wp-json\/wp\/v2\/tags?post=20981"}],"curies":[{"name":"wp","href":"https:\/\/api.w.org\/{rel}","templated":true}]}}